{"id":2177,"date":"2019-03-07T09:40:09","date_gmt":"2019-03-07T08:40:09","guid":{"rendered":"https:\/\/sortzen.org\/?p=2177"},"modified":"2019-03-21T18:29:12","modified_gmt":"2019-03-21T17:29:12","slug":"generaciones-8-m-hablan-las-mas-jovenes-del-movimiento","status":"publish","type":"post","link":"https:\/\/sortzen.org\/eu\/generaciones-8-m-hablan-las-mas-jovenes-del-movimiento\/","title":{"rendered":"Generaciones 8-M: hablan las m\u00e1s j\u00f3venes del movimiento"},"content":{"rendered":"<p>Sin duda, una de las noticias del hist\u00f3rico 8-M de hace un a\u00f1o fueron los cientos de miles de chicas jovenc\u00edsimas que se sumaron en tromba a la huelga feminista y desfilaron por las calles con el nervio y la alegr\u00eda de sus 14, 16, 18 a\u00f1os. \u00abEl feminismo es una cosa que te pasa\u00bb, suele decir la pensadora Judith Butler. Y precisamente desde que &#8216;les pas\u00f3&#8217; a las protagonistas de este reportaje \u2013<strong>Rubia Naz, Iona Crusat, Emma Adam, J\u00falia Feixas<\/strong>\u00a0y\u00a0<strong>Mar\u00eda Gonz\u00e1lez de Aspuru<\/strong>\u2013 coinciden en que ya no ven de igual modo ni las pel\u00edculas, ni la rabia acallada, ni por supuesto las discriminaciones y violencias cotidianas que hasta hace poco no identificaban.<\/p>\n<p>\u00abYa no somos las mismas. De hecho, creo que ni siquiera soy la misma persona que hace un mes\u00bb, dice Mar\u00eda en esta charla en la que estas cinco chicas de entre 17 y 20 a\u00f1os hablan de sororidad, de relaciones abusivas y de sus planes de rebeli\u00f3n contra el mundo heredado. Abran paso, pues, al futuro en marcha.<\/p>\n<p>Leer m\u00e1s:\u00a0<a href=\"https:\/\/www.elperiodico.com\/es\/mas-periodico\/20190302\/generacion-8-m-hablan-las-mas-jovenes-del-movimiento-feminista-7331936\">https:\/\/www.elperiodico.com\/es\/mas-periodico\/20190302\/generacion-8-m-hablan-las-mas-jovenes-del-movimiento-feminista-7331936<\/a><\/p>","protected":false},"excerpt":{"rendered":"<p>Rubia Naz, Iona Crusat, Emma Adam, J\u00falia Feixas y Mar\u00eda Gonz\u00e1lez de Aspuru\u2013 coinciden en que ya no ven de igual modo ni las pel\u00edculas, ni la rabia acallada, ni por supuesto las discriminaciones y violencias cotidianas que hasta hace poco no identificaban.<\/p>","protected":false},"author":4,"featured_media":2178,"comment_status":"closed","ping_status":"closed","sticky":false,"template":"","format":"standard","meta":{"footnotes":""},"categories":[46],"tags":[],"class_list":["post-2177","post","type-post","status-publish","format-standard","has-post-thumbnail","hentry","category-violencia-machista"],"yoast_head":"<!-- This site is optimized with the Yoast SEO plugin v27.5 - https:\/\/yoast.com\/product\/yoast-seo-wordpress\/ -->\n<title>Generaciones 8-M: hablan las m\u00e1s j\u00f3venes del movimiento - Sortzen<\/title>\n<meta name=\"robots\" content=\"index, follow, max-snippet:-1, max-image-preview:large, max-video-preview:-1\" \/>\n<link rel=\"canonical\" href=\"https:\/\/sortzen.org\/eu\/generaciones-8-m-hablan-las-mas-jovenes-del-movimiento\/\" \/>\n<meta property=\"og:locale\" content=\"en_US\" \/>\n<meta property=\"og:type\" content=\"article\" \/>\n<meta property=\"og:title\" content=\"Generaciones 8-M: hablan las m\u00e1s j\u00f3venes del movimiento - Sortzen\" \/>\n<meta property=\"og:description\" content=\"Rubia Naz, Iona Crusat, Emma Adam, J\u00falia Feixas y Mar\u00eda Gonz\u00e1lez de Aspuru\u2013 coinciden en que ya no ven de igual modo ni las pel\u00edculas, ni la rabia acallada, ni por supuesto las discriminaciones y violencias cotidianas que hasta hace poco no identificaban.\" \/>\n<meta property=\"og:url\" content=\"https:\/\/sortzen.org\/eu\/generaciones-8-m-hablan-las-mas-jovenes-del-movimiento\/\" \/>\n<meta property=\"og:site_name\" content=\"Sortzen\" \/>\n<meta property=\"article:published_time\" content=\"2019-03-07T08:40:09+00:00\" \/>\n<meta property=\"article:modified_time\" content=\"2019-03-21T17:29:12+00:00\" \/>\n<meta property=\"og:image\" content=\"https:\/\/sortzen.org\/wp-content\/uploads\/2019\/03\/Screenshot-2019-03-07-at-09.37.45-1024x548.png\" \/>\n\t<meta property=\"og:image:width\" content=\"1024\" \/>\n\t<meta property=\"og:image:height\" content=\"548\" \/>\n\t<meta property=\"og:image:type\" content=\"image\/png\" \/>\n<meta name=\"author\" content=\"SortzenEditor\" \/>\n<meta name=\"twitter:label1\" content=\"Written by\" \/>\n\t<meta name=\"twitter:data1\" content=\"SortzenEditor\" \/>\n\t<meta name=\"twitter:label2\" content=\"Est. reading time\" \/>\n\t<meta name=\"twitter:data2\" content=\"1 minutua\" \/>\n<script type=\"application\/ld+json\" class=\"yoast-schema-graph\">{\"@context\":\"https:\\\/\\\/schema.org\",\"@graph\":[{\"@type\":\"Article\",\"@id\":\"https:\\\/\\\/sortzen.org\\\/generaciones-8-m-hablan-las-mas-jovenes-del-movimiento\\\/#article\",\"isPartOf\":{\"@id\":\"https:\\\/\\\/sortzen.org\\\/generaciones-8-m-hablan-las-mas-jovenes-del-movimiento\\\/\"},\"author\":{\"name\":\"SortzenEditor\",\"@id\":\"https:\\\/\\\/sortzen.org\\\/#\\\/schema\\\/person\\\/ae19f6202f1109a3151f75b53b61d1a7\"},\"headline\":\"Generaciones 8-M: hablan las m\u00e1s j\u00f3venes del movimiento\",\"datePublished\":\"2019-03-07T08:40:09+00:00\",\"dateModified\":\"2019-03-21T17:29:12+00:00\",\"mainEntityOfPage\":{\"@id\":\"https:\\\/\\\/sortzen.org\\\/generaciones-8-m-hablan-las-mas-jovenes-del-movimiento\\\/\"},\"wordCount\":203,\"image\":{\"@id\":\"https:\\\/\\\/sortzen.org\\\/generaciones-8-m-hablan-las-mas-jovenes-del-movimiento\\\/#primaryimage\"},\"thumbnailUrl\":\"https:\\\/\\\/sortzen.org\\\/wp-content\\\/uploads\\\/2019\\\/03\\\/Screenshot-2019-03-07-at-09.37.45.png\",\"articleSection\":[\"Violencia machista\"],\"inLanguage\":\"eu\"},{\"@type\":\"WebPage\",\"@id\":\"https:\\\/\\\/sortzen.org\\\/generaciones-8-m-hablan-las-mas-jovenes-del-movimiento\\\/\",\"url\":\"https:\\\/\\\/sortzen.org\\\/generaciones-8-m-hablan-las-mas-jovenes-del-movimiento\\\/\",\"name\":\"Generaciones 8-M: hablan las m\u00e1s j\u00f3venes del movimiento - Sortzen\",\"isPartOf\":{\"@id\":\"https:\\\/\\\/sortzen.org\\\/#website\"},\"primaryImageOfPage\":{\"@id\":\"https:\\\/\\\/sortzen.org\\\/generaciones-8-m-hablan-las-mas-jovenes-del-movimiento\\\/#primaryimage\"},\"image\":{\"@id\":\"https:\\\/\\\/sortzen.org\\\/generaciones-8-m-hablan-las-mas-jovenes-del-movimiento\\\/#primaryimage\"},\"thumbnailUrl\":\"https:\\\/\\\/sortzen.org\\\/wp-content\\\/uploads\\\/2019\\\/03\\\/Screenshot-2019-03-07-at-09.37.45.png\",\"datePublished\":\"2019-03-07T08:40:09+00:00\",\"dateModified\":\"2019-03-21T17:29:12+00:00\",\"author\":{\"@id\":\"https:\\\/\\\/sortzen.org\\\/#\\\/schema\\\/person\\\/ae19f6202f1109a3151f75b53b61d1a7\"},\"breadcrumb\":{\"@id\":\"https:\\\/\\\/sortzen.org\\\/generaciones-8-m-hablan-las-mas-jovenes-del-movimiento\\\/#breadcrumb\"},\"inLanguage\":\"eu\",\"potentialAction\":[{\"@type\":\"ReadAction\",\"target\":[\"https:\\\/\\\/sortzen.org\\\/generaciones-8-m-hablan-las-mas-jovenes-del-movimiento\\\/\"]}]},{\"@type\":\"ImageObject\",\"inLanguage\":\"eu\",\"@id\":\"https:\\\/\\\/sortzen.org\\\/generaciones-8-m-hablan-las-mas-jovenes-del-movimiento\\\/#primaryimage\",\"url\":\"https:\\\/\\\/sortzen.org\\\/wp-content\\\/uploads\\\/2019\\\/03\\\/Screenshot-2019-03-07-at-09.37.45.png\",\"contentUrl\":\"https:\\\/\\\/sortzen.org\\\/wp-content\\\/uploads\\\/2019\\\/03\\\/Screenshot-2019-03-07-at-09.37.45.png\",\"width\":1940,\"height\":1038},{\"@type\":\"BreadcrumbList\",\"@id\":\"https:\\\/\\\/sortzen.org\\\/generaciones-8-m-hablan-las-mas-jovenes-del-movimiento\\\/#breadcrumb\",\"itemListElement\":[{\"@type\":\"ListItem\",\"position\":1,\"name\":\"Home\",\"item\":\"https:\\\/\\\/sortzen.org\\\/\"},{\"@type\":\"ListItem\",\"position\":2,\"name\":\"Generaciones 8-M: hablan las m\u00e1s j\u00f3venes del movimiento\"}]},{\"@type\":\"WebSite\",\"@id\":\"https:\\\/\\\/sortzen.org\\\/#website\",\"url\":\"https:\\\/\\\/sortzen.org\\\/\",\"name\":\"Sortzen\",\"description\":\"Consultor\u00eda especializada en la prevenci\u00f3n y atenci\u00f3n de la violencia machista y los procesos de empoderamiento de las mujeres\",\"potentialAction\":[{\"@type\":\"SearchAction\",\"target\":{\"@type\":\"EntryPoint\",\"urlTemplate\":\"https:\\\/\\\/sortzen.org\\\/?s={search_term_string}\"},\"query-input\":{\"@type\":\"PropertyValueSpecification\",\"valueRequired\":true,\"valueName\":\"search_term_string\"}}],\"inLanguage\":\"eu\"},{\"@type\":\"Person\",\"@id\":\"https:\\\/\\\/sortzen.org\\\/#\\\/schema\\\/person\\\/ae19f6202f1109a3151f75b53b61d1a7\",\"name\":\"SortzenEditor\",\"url\":\"https:\\\/\\\/sortzen.org\\\/eu\\\/author\\\/sortzeneditor\\\/\"}]}<\/script>\n<!-- \/ Yoast SEO plugin. -->","yoast_head_json":{"title":"Generaciones 8-M: hablan las m\u00e1s j\u00f3venes del movimiento - Sortzen","robots":{"index":"index","follow":"follow","max-snippet":"max-snippet:-1","max-image-preview":"max-image-preview:large","max-video-preview":"max-video-preview:-1"},"canonical":"https:\/\/sortzen.org\/eu\/generaciones-8-m-hablan-las-mas-jovenes-del-movimiento\/","og_locale":"en_US","og_type":"article","og_title":"Generaciones 8-M: hablan las m\u00e1s j\u00f3venes del movimiento - Sortzen","og_description":"Rubia Naz, Iona Crusat, Emma Adam, J\u00falia Feixas y Mar\u00eda Gonz\u00e1lez de Aspuru\u2013 coinciden en que ya no ven de igual modo ni las pel\u00edculas, ni la rabia acallada, ni por supuesto las discriminaciones y violencias cotidianas que hasta hace poco no identificaban.","og_url":"https:\/\/sortzen.org\/eu\/generaciones-8-m-hablan-las-mas-jovenes-del-movimiento\/","og_site_name":"Sortzen","article_published_time":"2019-03-07T08:40:09+00:00","article_modified_time":"2019-03-21T17:29:12+00:00","og_image":[{"width":1024,"height":548,"url":"https:\/\/sortzen.org\/wp-content\/uploads\/2019\/03\/Screenshot-2019-03-07-at-09.37.45-1024x548.png","type":"image\/png"}],"author":"SortzenEditor","twitter_misc":{"Written by":"SortzenEditor","Est. reading time":"1 minutua"},"schema":{"@context":"https:\/\/schema.org","@graph":[{"@type":"Article","@id":"https:\/\/sortzen.org\/generaciones-8-m-hablan-las-mas-jovenes-del-movimiento\/#article","isPartOf":{"@id":"https:\/\/sortzen.org\/generaciones-8-m-hablan-las-mas-jovenes-del-movimiento\/"},"author":{"name":"SortzenEditor","@id":"https:\/\/sortzen.org\/#\/schema\/person\/ae19f6202f1109a3151f75b53b61d1a7"},"headline":"Generaciones 8-M: hablan las m\u00e1s j\u00f3venes del movimiento","datePublished":"2019-03-07T08:40:09+00:00","dateModified":"2019-03-21T17:29:12+00:00","mainEntityOfPage":{"@id":"https:\/\/sortzen.org\/generaciones-8-m-hablan-las-mas-jovenes-del-movimiento\/"},"wordCount":203,"image":{"@id":"https:\/\/sortzen.org\/generaciones-8-m-hablan-las-mas-jovenes-del-movimiento\/#primaryimage"},"thumbnailUrl":"https:\/\/sortzen.org\/wp-content\/uploads\/2019\/03\/Screenshot-2019-03-07-at-09.37.45.png","articleSection":["Violencia machista"],"inLanguage":"eu"},{"@type":"WebPage","@id":"https:\/\/sortzen.org\/generaciones-8-m-hablan-las-mas-jovenes-del-movimiento\/","url":"https:\/\/sortzen.org\/generaciones-8-m-hablan-las-mas-jovenes-del-movimiento\/","name":"Generaciones 8-M: hablan las m\u00e1s j\u00f3venes del movimiento - Sortzen","isPartOf":{"@id":"https:\/\/sortzen.org\/#website"},"primaryImageOfPage":{"@id":"https:\/\/sortzen.org\/generaciones-8-m-hablan-las-mas-jovenes-del-movimiento\/#primaryimage"},"image":{"@id":"https:\/\/sortzen.org\/generaciones-8-m-hablan-las-mas-jovenes-del-movimiento\/#primaryimage"},"thumbnailUrl":"https:\/\/sortzen.org\/wp-content\/uploads\/2019\/03\/Screenshot-2019-03-07-at-09.37.45.png","datePublished":"2019-03-07T08:40:09+00:00","dateModified":"2019-03-21T17:29:12+00:00","author":{"@id":"https:\/\/sortzen.org\/#\/schema\/person\/ae19f6202f1109a3151f75b53b61d1a7"},"breadcrumb":{"@id":"https:\/\/sortzen.org\/generaciones-8-m-hablan-las-mas-jovenes-del-movimiento\/#breadcrumb"},"inLanguage":"eu","potentialAction":[{"@type":"ReadAction","target":["https:\/\/sortzen.org\/generaciones-8-m-hablan-las-mas-jovenes-del-movimiento\/"]}]},{"@type":"ImageObject","inLanguage":"eu","@id":"https:\/\/sortzen.org\/generaciones-8-m-hablan-las-mas-jovenes-del-movimiento\/#primaryimage","url":"https:\/\/sortzen.org\/wp-content\/uploads\/2019\/03\/Screenshot-2019-03-07-at-09.37.45.png","contentUrl":"https:\/\/sortzen.org\/wp-content\/uploads\/2019\/03\/Screenshot-2019-03-07-at-09.37.45.png","width":1940,"height":1038},{"@type":"BreadcrumbList","@id":"https:\/\/sortzen.org\/generaciones-8-m-hablan-las-mas-jovenes-del-movimiento\/#breadcrumb","itemListElement":[{"@type":"ListItem","position":1,"name":"Home","item":"https:\/\/sortzen.org\/"},{"@type":"ListItem","position":2,"name":"Generaciones 8-M: hablan las m\u00e1s j\u00f3venes del movimiento"}]},{"@type":"WebSite","@id":"https:\/\/sortzen.org\/#website","url":"https:\/\/sortzen.org\/","name":"Sortzen","description":"Consultor\u00eda especializada en la prevenci\u00f3n y atenci\u00f3n de la violencia machista y los procesos de empoderamiento de las mujeres","potentialAction":[{"@type":"SearchAction","target":{"@type":"EntryPoint","urlTemplate":"https:\/\/sortzen.org\/?s={search_term_string}"},"query-input":{"@type":"PropertyValueSpecification","valueRequired":true,"valueName":"search_term_string"}}],"inLanguage":"eu"},{"@type":"Person","@id":"https:\/\/sortzen.org\/#\/schema\/person\/ae19f6202f1109a3151f75b53b61d1a7","name":"SortzenEditor","url":"https:\/\/sortzen.org\/eu\/author\/sortzeneditor\/"}]}},"jetpack_featured_media_url":"https:\/\/sortzen.org\/wp-content\/uploads\/2019\/03\/Screenshot-2019-03-07-at-09.37.45.png","_links":{"self":[{"href":"https:\/\/sortzen.org\/eu\/wp-json\/wp\/v2\/posts\/2177","targetHints":{"allow":["GET"]}}],"collection":[{"href":"https:\/\/sortzen.org\/eu\/wp-json\/wp\/v2\/posts"}],"about":[{"href":"https:\/\/sortzen.org\/eu\/wp-json\/wp\/v2\/types\/post"}],"author":[{"embeddable":true,"href":"https:\/\/sortzen.org\/eu\/wp-json\/wp\/v2\/users\/4"}],"replies":[{"embeddable":true,"href":"https:\/\/sortzen.org\/eu\/wp-json\/wp\/v2\/comments?post=2177"}],"version-history":[{"count":0,"href":"https:\/\/sortzen.org\/eu\/wp-json\/wp\/v2\/posts\/2177\/revisions"}],"wp:featuredmedia":[{"embeddable":true,"href":"https:\/\/sortzen.org\/eu\/wp-json\/wp\/v2\/media\/2178"}],"wp:attachment":[{"href":"https:\/\/sortzen.org\/eu\/wp-json\/wp\/v2\/media?parent=2177"}],"wp:term":[{"taxonomy":"category","embeddable":true,"href":"https:\/\/sortzen.org\/eu\/wp-json\/wp\/v2\/categories?post=2177"},{"taxonomy":"post_tag","embeddable":true,"href":"https:\/\/sortzen.org\/eu\/wp-json\/wp\/v2\/tags?post=2177"}],"curies":[{"name":"wp","href":"https:\/\/api.w.org\/{rel}","templated":true}]}}