{"id":2180,"date":"2019-03-07T09:43:03","date_gmt":"2019-03-07T08:43:03","guid":{"rendered":"https:\/\/sortzen.org\/?p=2180"},"modified":"2019-03-21T18:24:16","modified_gmt":"2019-03-21T17:24:16","slug":"comunicado-8m-bloque-racializado","status":"publish","type":"post","link":"https:\/\/sortzen.org\/eu\/comunicado-8m-bloque-racializado\/","title":{"rendered":"COMUNICADO 8M BLOQUE RACIALIZADO"},"content":{"rendered":"<p class=\"has-text-color has-very-light-gray-color\">Nuestro grupo surgi\u00f3 con la necesidad de crear un espacio c\u00f3modo y seguro en nuestra piel. El feminismo blanco hegem\u00f3nico se genera desde la premisa de que todas las mujeres, y personas que sufren opresi\u00f3n como mujeres*, somos una masa homog\u00e9nea sin diferencias entre nosotres, las cuales no se pueden obviar.<\/p>\n<p class=\"has-text-color has-white-color\">*para no dar espacio a malinterpretaciones queremos dejar claro que la definicion \u201cmujer\u201d define a todas las personas que se identifican como tal, y a\u00f1adimos en nuestro asterisco aquellas personas no binaries leides como mujeres que pueden vivir y experimentar opresi\u00f3n como tal, conjuntamente con la opresi\u00f3n cis-sexista.<\/p>\n<p class=\"has-text-color has-white-color\">Existen unas din\u00e1micas coloniales y nosotres queremos decolonizarlo. Ocupar espacios como cuerpas migrantes y racializades all\u00e1 donde se nos ha invisibilizado. Contar nuestra propia historia desde nuestra experiencia sin necesidad de que otras hablen por nosotres.<\/p>\n<p class=\"has-text-color has-very-light-gray-color\">Durante el \u00faltimo a\u00f1o hemos visto c\u00f3mo el feminismo ha puesto de moda t\u00e9rminos como la\u00a0<em>interseccionalidad\u00a0<\/em>o la\u00a0<em>decolonialidad<\/em>, pero siempre desde una perspectiva privilegiada. Tenemos la sensaci\u00f3n de que aunque conocen los t\u00e9rminos o que han le\u00eddo sobre ello, no manifiestan en la pr\u00e1ctica esos conocimientos en espacios feministas. \u00c9sto se evidencia en la demostraci\u00f3n constante de ese privilegio blanco, hablando por nosotres sin escucharnos en vez de cedernos el espacio que por derecho nos pertenece.<\/p>\n<p>Leer m\u00e1s:<a href=\"https:\/\/raizesbilbo.home.blog\/2019\/03\/04\/nos-plantamos-al-8m\/\" target=\"_blank\" rel=\"noopener noreferrer\">Comunicado raizes Bilbao<\/a><\/p>","protected":false},"excerpt":{"rendered":"<p>Nuestro grupo surgi\u00f3 con la necesidad de crear un espacio c\u00f3modo y seguro en nuestra piel. El feminismo blanco hegem\u00f3nico se genera desde la premisa de que todas las mujeres, y personas que sufren opresi\u00f3n como mujeres*, somos una masa homog\u00e9nea sin diferencias entre nosotres, las cuales no se pueden obviar.<\/p>","protected":false},"author":4,"featured_media":2181,"comment_status":"closed","ping_status":"closed","sticky":false,"template":"","format":"standard","meta":{"footnotes":""},"categories":[46],"tags":[],"class_list":["post-2180","post","type-post","status-publish","format-standard","has-post-thumbnail","hentry","category-violencia-machista"],"yoast_head":"<!-- This site is optimized with the Yoast SEO plugin v27.5 - https:\/\/yoast.com\/product\/yoast-seo-wordpress\/ -->\n<title>COMUNICADO 8M BLOQUE RACIALIZADO - Sortzen<\/title>\n<meta name=\"robots\" content=\"index, follow, max-snippet:-1, max-image-preview:large, max-video-preview:-1\" \/>\n<link rel=\"canonical\" href=\"https:\/\/sortzen.org\/eu\/comunicado-8m-bloque-racializado\/\" \/>\n<meta property=\"og:locale\" content=\"en_US\" \/>\n<meta property=\"og:type\" content=\"article\" \/>\n<meta property=\"og:title\" content=\"COMUNICADO 8M BLOQUE RACIALIZADO - Sortzen\" \/>\n<meta property=\"og:description\" content=\"Nuestro grupo surgi\u00f3 con la necesidad de crear un espacio c\u00f3modo y seguro en nuestra piel. El feminismo blanco hegem\u00f3nico se genera desde la premisa de que todas las mujeres, y personas que sufren opresi\u00f3n como mujeres*, somos una masa homog\u00e9nea sin diferencias entre nosotres, las cuales no se pueden obviar.\" \/>\n<meta property=\"og:url\" content=\"https:\/\/sortzen.org\/eu\/comunicado-8m-bloque-racializado\/\" \/>\n<meta property=\"og:site_name\" content=\"Sortzen\" \/>\n<meta property=\"article:published_time\" content=\"2019-03-07T08:43:03+00:00\" \/>\n<meta property=\"article:modified_time\" content=\"2019-03-21T17:24:16+00:00\" \/>\n<meta property=\"og:image\" content=\"https:\/\/sortzen.org\/wp-content\/uploads\/2019\/03\/Screenshot-2019-03-07-at-09.42.36-1024x341.png\" \/>\n\t<meta property=\"og:image:width\" content=\"1024\" \/>\n\t<meta property=\"og:image:height\" content=\"341\" \/>\n\t<meta property=\"og:image:type\" content=\"image\/png\" \/>\n<meta name=\"author\" content=\"SortzenEditor\" \/>\n<meta name=\"twitter:label1\" content=\"Written by\" \/>\n\t<meta name=\"twitter:data1\" content=\"SortzenEditor\" \/>\n\t<meta name=\"twitter:label2\" content=\"Est. reading time\" \/>\n\t<meta name=\"twitter:data2\" content=\"1 minutua\" \/>\n<script type=\"application\/ld+json\" class=\"yoast-schema-graph\">{\"@context\":\"https:\\\/\\\/schema.org\",\"@graph\":[{\"@type\":\"Article\",\"@id\":\"https:\\\/\\\/sortzen.org\\\/comunicado-8m-bloque-racializado\\\/#article\",\"isPartOf\":{\"@id\":\"https:\\\/\\\/sortzen.org\\\/comunicado-8m-bloque-racializado\\\/\"},\"author\":{\"name\":\"SortzenEditor\",\"@id\":\"https:\\\/\\\/sortzen.org\\\/#\\\/schema\\\/person\\\/ae19f6202f1109a3151f75b53b61d1a7\"},\"headline\":\"COMUNICADO 8M BLOQUE RACIALIZADO\",\"datePublished\":\"2019-03-07T08:43:03+00:00\",\"dateModified\":\"2019-03-21T17:24:16+00:00\",\"mainEntityOfPage\":{\"@id\":\"https:\\\/\\\/sortzen.org\\\/comunicado-8m-bloque-racializado\\\/\"},\"wordCount\":239,\"image\":{\"@id\":\"https:\\\/\\\/sortzen.org\\\/comunicado-8m-bloque-racializado\\\/#primaryimage\"},\"thumbnailUrl\":\"https:\\\/\\\/sortzen.org\\\/wp-content\\\/uploads\\\/2019\\\/03\\\/Screenshot-2019-03-07-at-09.42.36.png\",\"articleSection\":[\"Violencia machista\"],\"inLanguage\":\"eu\"},{\"@type\":\"WebPage\",\"@id\":\"https:\\\/\\\/sortzen.org\\\/comunicado-8m-bloque-racializado\\\/\",\"url\":\"https:\\\/\\\/sortzen.org\\\/comunicado-8m-bloque-racializado\\\/\",\"name\":\"COMUNICADO 8M BLOQUE RACIALIZADO - Sortzen\",\"isPartOf\":{\"@id\":\"https:\\\/\\\/sortzen.org\\\/#website\"},\"primaryImageOfPage\":{\"@id\":\"https:\\\/\\\/sortzen.org\\\/comunicado-8m-bloque-racializado\\\/#primaryimage\"},\"image\":{\"@id\":\"https:\\\/\\\/sortzen.org\\\/comunicado-8m-bloque-racializado\\\/#primaryimage\"},\"thumbnailUrl\":\"https:\\\/\\\/sortzen.org\\\/wp-content\\\/uploads\\\/2019\\\/03\\\/Screenshot-2019-03-07-at-09.42.36.png\",\"datePublished\":\"2019-03-07T08:43:03+00:00\",\"dateModified\":\"2019-03-21T17:24:16+00:00\",\"author\":{\"@id\":\"https:\\\/\\\/sortzen.org\\\/#\\\/schema\\\/person\\\/ae19f6202f1109a3151f75b53b61d1a7\"},\"breadcrumb\":{\"@id\":\"https:\\\/\\\/sortzen.org\\\/comunicado-8m-bloque-racializado\\\/#breadcrumb\"},\"inLanguage\":\"eu\",\"potentialAction\":[{\"@type\":\"ReadAction\",\"target\":[\"https:\\\/\\\/sortzen.org\\\/comunicado-8m-bloque-racializado\\\/\"]}]},{\"@type\":\"ImageObject\",\"inLanguage\":\"eu\",\"@id\":\"https:\\\/\\\/sortzen.org\\\/comunicado-8m-bloque-racializado\\\/#primaryimage\",\"url\":\"https:\\\/\\\/sortzen.org\\\/wp-content\\\/uploads\\\/2019\\\/03\\\/Screenshot-2019-03-07-at-09.42.36.png\",\"contentUrl\":\"https:\\\/\\\/sortzen.org\\\/wp-content\\\/uploads\\\/2019\\\/03\\\/Screenshot-2019-03-07-at-09.42.36.png\",\"width\":2744,\"height\":914},{\"@type\":\"BreadcrumbList\",\"@id\":\"https:\\\/\\\/sortzen.org\\\/comunicado-8m-bloque-racializado\\\/#breadcrumb\",\"itemListElement\":[{\"@type\":\"ListItem\",\"position\":1,\"name\":\"Home\",\"item\":\"https:\\\/\\\/sortzen.org\\\/\"},{\"@type\":\"ListItem\",\"position\":2,\"name\":\"COMUNICADO 8M BLOQUE RACIALIZADO\"}]},{\"@type\":\"WebSite\",\"@id\":\"https:\\\/\\\/sortzen.org\\\/#website\",\"url\":\"https:\\\/\\\/sortzen.org\\\/\",\"name\":\"Sortzen\",\"description\":\"Consultor\u00eda especializada en la prevenci\u00f3n y atenci\u00f3n de la violencia machista y los procesos de empoderamiento de las mujeres\",\"potentialAction\":[{\"@type\":\"SearchAction\",\"target\":{\"@type\":\"EntryPoint\",\"urlTemplate\":\"https:\\\/\\\/sortzen.org\\\/?s={search_term_string}\"},\"query-input\":{\"@type\":\"PropertyValueSpecification\",\"valueRequired\":true,\"valueName\":\"search_term_string\"}}],\"inLanguage\":\"eu\"},{\"@type\":\"Person\",\"@id\":\"https:\\\/\\\/sortzen.org\\\/#\\\/schema\\\/person\\\/ae19f6202f1109a3151f75b53b61d1a7\",\"name\":\"SortzenEditor\",\"url\":\"https:\\\/\\\/sortzen.org\\\/eu\\\/author\\\/sortzeneditor\\\/\"}]}<\/script>\n<!-- \/ Yoast SEO plugin. -->","yoast_head_json":{"title":"COMUNICADO 8M BLOQUE RACIALIZADO - Sortzen","robots":{"index":"index","follow":"follow","max-snippet":"max-snippet:-1","max-image-preview":"max-image-preview:large","max-video-preview":"max-video-preview:-1"},"canonical":"https:\/\/sortzen.org\/eu\/comunicado-8m-bloque-racializado\/","og_locale":"en_US","og_type":"article","og_title":"COMUNICADO 8M BLOQUE RACIALIZADO - Sortzen","og_description":"Nuestro grupo surgi\u00f3 con la necesidad de crear un espacio c\u00f3modo y seguro en nuestra piel. El feminismo blanco hegem\u00f3nico se genera desde la premisa de que todas las mujeres, y personas que sufren opresi\u00f3n como mujeres*, somos una masa homog\u00e9nea sin diferencias entre nosotres, las cuales no se pueden obviar.","og_url":"https:\/\/sortzen.org\/eu\/comunicado-8m-bloque-racializado\/","og_site_name":"Sortzen","article_published_time":"2019-03-07T08:43:03+00:00","article_modified_time":"2019-03-21T17:24:16+00:00","og_image":[{"width":1024,"height":341,"url":"https:\/\/sortzen.org\/wp-content\/uploads\/2019\/03\/Screenshot-2019-03-07-at-09.42.36-1024x341.png","type":"image\/png"}],"author":"SortzenEditor","twitter_misc":{"Written by":"SortzenEditor","Est. reading time":"1 minutua"},"schema":{"@context":"https:\/\/schema.org","@graph":[{"@type":"Article","@id":"https:\/\/sortzen.org\/comunicado-8m-bloque-racializado\/#article","isPartOf":{"@id":"https:\/\/sortzen.org\/comunicado-8m-bloque-racializado\/"},"author":{"name":"SortzenEditor","@id":"https:\/\/sortzen.org\/#\/schema\/person\/ae19f6202f1109a3151f75b53b61d1a7"},"headline":"COMUNICADO 8M BLOQUE RACIALIZADO","datePublished":"2019-03-07T08:43:03+00:00","dateModified":"2019-03-21T17:24:16+00:00","mainEntityOfPage":{"@id":"https:\/\/sortzen.org\/comunicado-8m-bloque-racializado\/"},"wordCount":239,"image":{"@id":"https:\/\/sortzen.org\/comunicado-8m-bloque-racializado\/#primaryimage"},"thumbnailUrl":"https:\/\/sortzen.org\/wp-content\/uploads\/2019\/03\/Screenshot-2019-03-07-at-09.42.36.png","articleSection":["Violencia machista"],"inLanguage":"eu"},{"@type":"WebPage","@id":"https:\/\/sortzen.org\/comunicado-8m-bloque-racializado\/","url":"https:\/\/sortzen.org\/comunicado-8m-bloque-racializado\/","name":"COMUNICADO 8M BLOQUE RACIALIZADO - Sortzen","isPartOf":{"@id":"https:\/\/sortzen.org\/#website"},"primaryImageOfPage":{"@id":"https:\/\/sortzen.org\/comunicado-8m-bloque-racializado\/#primaryimage"},"image":{"@id":"https:\/\/sortzen.org\/comunicado-8m-bloque-racializado\/#primaryimage"},"thumbnailUrl":"https:\/\/sortzen.org\/wp-content\/uploads\/2019\/03\/Screenshot-2019-03-07-at-09.42.36.png","datePublished":"2019-03-07T08:43:03+00:00","dateModified":"2019-03-21T17:24:16+00:00","author":{"@id":"https:\/\/sortzen.org\/#\/schema\/person\/ae19f6202f1109a3151f75b53b61d1a7"},"breadcrumb":{"@id":"https:\/\/sortzen.org\/comunicado-8m-bloque-racializado\/#breadcrumb"},"inLanguage":"eu","potentialAction":[{"@type":"ReadAction","target":["https:\/\/sortzen.org\/comunicado-8m-bloque-racializado\/"]}]},{"@type":"ImageObject","inLanguage":"eu","@id":"https:\/\/sortzen.org\/comunicado-8m-bloque-racializado\/#primaryimage","url":"https:\/\/sortzen.org\/wp-content\/uploads\/2019\/03\/Screenshot-2019-03-07-at-09.42.36.png","contentUrl":"https:\/\/sortzen.org\/wp-content\/uploads\/2019\/03\/Screenshot-2019-03-07-at-09.42.36.png","width":2744,"height":914},{"@type":"BreadcrumbList","@id":"https:\/\/sortzen.org\/comunicado-8m-bloque-racializado\/#breadcrumb","itemListElement":[{"@type":"ListItem","position":1,"name":"Home","item":"https:\/\/sortzen.org\/"},{"@type":"ListItem","position":2,"name":"COMUNICADO 8M BLOQUE RACIALIZADO"}]},{"@type":"WebSite","@id":"https:\/\/sortzen.org\/#website","url":"https:\/\/sortzen.org\/","name":"Sortzen","description":"Consultor\u00eda especializada en la prevenci\u00f3n y atenci\u00f3n de la violencia machista y los procesos de empoderamiento de las mujeres","potentialAction":[{"@type":"SearchAction","target":{"@type":"EntryPoint","urlTemplate":"https:\/\/sortzen.org\/?s={search_term_string}"},"query-input":{"@type":"PropertyValueSpecification","valueRequired":true,"valueName":"search_term_string"}}],"inLanguage":"eu"},{"@type":"Person","@id":"https:\/\/sortzen.org\/#\/schema\/person\/ae19f6202f1109a3151f75b53b61d1a7","name":"SortzenEditor","url":"https:\/\/sortzen.org\/eu\/author\/sortzeneditor\/"}]}},"jetpack_featured_media_url":"https:\/\/sortzen.org\/wp-content\/uploads\/2019\/03\/Screenshot-2019-03-07-at-09.42.36.png","_links":{"self":[{"href":"https:\/\/sortzen.org\/eu\/wp-json\/wp\/v2\/posts\/2180","targetHints":{"allow":["GET"]}}],"collection":[{"href":"https:\/\/sortzen.org\/eu\/wp-json\/wp\/v2\/posts"}],"about":[{"href":"https:\/\/sortzen.org\/eu\/wp-json\/wp\/v2\/types\/post"}],"author":[{"embeddable":true,"href":"https:\/\/sortzen.org\/eu\/wp-json\/wp\/v2\/users\/4"}],"replies":[{"embeddable":true,"href":"https:\/\/sortzen.org\/eu\/wp-json\/wp\/v2\/comments?post=2180"}],"version-history":[{"count":0,"href":"https:\/\/sortzen.org\/eu\/wp-json\/wp\/v2\/posts\/2180\/revisions"}],"wp:featuredmedia":[{"embeddable":true,"href":"https:\/\/sortzen.org\/eu\/wp-json\/wp\/v2\/media\/2181"}],"wp:attachment":[{"href":"https:\/\/sortzen.org\/eu\/wp-json\/wp\/v2\/media?parent=2180"}],"wp:term":[{"taxonomy":"category","embeddable":true,"href":"https:\/\/sortzen.org\/eu\/wp-json\/wp\/v2\/categories?post=2180"},{"taxonomy":"post_tag","embeddable":true,"href":"https:\/\/sortzen.org\/eu\/wp-json\/wp\/v2\/tags?post=2180"}],"curies":[{"name":"wp","href":"https:\/\/api.w.org\/{rel}","templated":true}]}}