{"id":2219,"date":"2019-03-25T16:47:51","date_gmt":"2019-03-25T15:47:51","guid":{"rendered":"https:\/\/sortzen.org\/?p=2219"},"modified":"2019-03-25T16:48:58","modified_gmt":"2019-03-25T15:48:58","slug":"la-justicia-italiana-concede-la-custodia-de-los-hijos-de-juana-rivas-al-padre-e-impone-a-la-madre-un-regimen-de-visitas-severo","status":"publish","type":"post","link":"https:\/\/sortzen.org\/eu\/la-justicia-italiana-concede-la-custodia-de-los-hijos-de-juana-rivas-al-padre-e-impone-a-la-madre-un-regimen-de-visitas-severo\/","title":{"rendered":"La Justicia italiana concede la custodia de los hijos de Juana Rivas al padre e impone a la madre un r\u00e9gimen de visitas severo"},"content":{"rendered":"<p>La Justicia italiana ha concedido la custodia en exclusiva de los dos hijos de <a title=\"La Audiencia de Granada confirma la condena a cinco a\u00f1os de c\u00e1rcel a Juana Rivas\" href=\"https:\/\/www.publico.es\/sociedad\/juana-rivas-audiencia-granada-confirma-condena-cinco-anos-carcel-juana-rivas.html\" target=\"_blank\" rel=\"noopener noreferrer\">Juana Rivas<\/a>\u00a0a su expareja y padre, el italiano Francesco Arcuri, seg\u00fan ha confirmado este mi\u00e9rcoles la defensa del italiano.<\/p>\n<div class=\"article-body\">\n<div class=\"article-text\">\n<p id=\"m292-1-293\">El juez que llevaba el caso civil en primera instancia en el Tribunal de Cagliari, en la isla de Cerde\u00f1a, ha decidido que la custodia de los menores sea para Arcuri aunque\u00a0<b>Rivas podr\u00e1 verlos un fin de semana de cada dos si vive en Italia<\/b>, o uno de cada cinco si vive en Espa\u00f1a. Los ni\u00f1os viven con el padre desde agosto de 2017 en el municipio italiano de Carloforte, en la isla de San Pietro, en el sur de Cerde\u00f1a.\u00a0<\/p>\n<\/div>\n<\/div>\n<p>&nbsp;<\/p>\n<p>Leer m\u00e1s:\u00a0<a href=\"https:\/\/www.publico.es\/sociedad\/justicia-italiana-concede-custodia-hijos-juana-rivas-padre-regimen-severo.html\">https:\/\/www.publico.es\/sociedad\/justicia-italiana-concede-custodia-hijos-juana-rivas-padre-regimen-severo.html<\/a><\/p>\n<p>&nbsp;<\/p>","protected":false},"excerpt":{"rendered":"<p>La madre podr\u00e1 verlos un fin de semana de cada dos si vive en Italia, o uno de cada cinco si vive en Espa\u00f1a.<\/p>","protected":false},"author":4,"featured_media":2220,"comment_status":"closed","ping_status":"closed","sticky":false,"template":"","format":"standard","meta":{"footnotes":""},"categories":[46],"tags":[],"class_list":["post-2219","post","type-post","status-publish","format-standard","has-post-thumbnail","hentry","category-violencia-machista"],"yoast_head":"<!-- This site is optimized with the Yoast SEO plugin v27.5 - https:\/\/yoast.com\/product\/yoast-seo-wordpress\/ -->\n<title>La Justicia italiana concede la custodia de los hijos de Juana Rivas al padre e impone a la madre un r\u00e9gimen de visitas severo - Sortzen<\/title>\n<meta name=\"robots\" content=\"index, follow, max-snippet:-1, max-image-preview:large, max-video-preview:-1\" \/>\n<link rel=\"canonical\" href=\"https:\/\/sortzen.org\/eu\/la-justicia-italiana-concede-la-custodia-de-los-hijos-de-juana-rivas-al-padre-e-impone-a-la-madre-un-regimen-de-visitas-severo\/\" \/>\n<meta property=\"og:locale\" content=\"en_US\" \/>\n<meta property=\"og:type\" content=\"article\" \/>\n<meta property=\"og:title\" content=\"La Justicia italiana concede la custodia de los hijos de Juana Rivas al padre e impone a la madre un r\u00e9gimen de visitas severo - Sortzen\" \/>\n<meta property=\"og:description\" content=\"La madre podr\u00e1 verlos un fin de semana de cada dos si vive en Italia, o uno de cada cinco si vive en Espa\u00f1a.\" \/>\n<meta property=\"og:url\" content=\"https:\/\/sortzen.org\/eu\/la-justicia-italiana-concede-la-custodia-de-los-hijos-de-juana-rivas-al-padre-e-impone-a-la-madre-un-regimen-de-visitas-severo\/\" \/>\n<meta property=\"og:site_name\" content=\"Sortzen\" \/>\n<meta property=\"article:published_time\" content=\"2019-03-25T15:47:51+00:00\" \/>\n<meta property=\"article:modified_time\" content=\"2019-03-25T15:48:58+00:00\" \/>\n<meta property=\"og:image\" content=\"https:\/\/sortzen.org\/wp-content\/uploads\/2019\/03\/Captura-de-pantalla-2019-03-25-a-las-16.46.02.png\" \/>\n\t<meta property=\"og:image:width\" content=\"1324\" \/>\n\t<meta property=\"og:image:height\" content=\"734\" \/>\n\t<meta property=\"og:image:type\" content=\"image\/png\" \/>\n<meta name=\"author\" content=\"SortzenEditor\" \/>\n<meta name=\"twitter:label1\" content=\"Written by\" \/>\n\t<meta name=\"twitter:data1\" content=\"SortzenEditor\" \/>\n\t<meta name=\"twitter:label2\" content=\"Est. reading time\" \/>\n\t<meta name=\"twitter:data2\" content=\"1 minutua\" \/>\n<script type=\"application\/ld+json\" class=\"yoast-schema-graph\">{\"@context\":\"https:\\\/\\\/schema.org\",\"@graph\":[{\"@type\":\"Article\",\"@id\":\"https:\\\/\\\/sortzen.org\\\/la-justicia-italiana-concede-la-custodia-de-los-hijos-de-juana-rivas-al-padre-e-impone-a-la-madre-un-regimen-de-visitas-severo\\\/#article\",\"isPartOf\":{\"@id\":\"https:\\\/\\\/sortzen.org\\\/la-justicia-italiana-concede-la-custodia-de-los-hijos-de-juana-rivas-al-padre-e-impone-a-la-madre-un-regimen-de-visitas-severo\\\/\"},\"author\":{\"name\":\"SortzenEditor\",\"@id\":\"https:\\\/\\\/sortzen.org\\\/#\\\/schema\\\/person\\\/ae19f6202f1109a3151f75b53b61d1a7\"},\"headline\":\"La Justicia italiana concede la custodia de los hijos de Juana Rivas al padre e impone a la madre un r\u00e9gimen de visitas severo\",\"datePublished\":\"2019-03-25T15:47:51+00:00\",\"dateModified\":\"2019-03-25T15:48:58+00:00\",\"mainEntityOfPage\":{\"@id\":\"https:\\\/\\\/sortzen.org\\\/la-justicia-italiana-concede-la-custodia-de-los-hijos-de-juana-rivas-al-padre-e-impone-a-la-madre-un-regimen-de-visitas-severo\\\/\"},\"wordCount\":158,\"image\":{\"@id\":\"https:\\\/\\\/sortzen.org\\\/la-justicia-italiana-concede-la-custodia-de-los-hijos-de-juana-rivas-al-padre-e-impone-a-la-madre-un-regimen-de-visitas-severo\\\/#primaryimage\"},\"thumbnailUrl\":\"https:\\\/\\\/sortzen.org\\\/wp-content\\\/uploads\\\/2019\\\/03\\\/Captura-de-pantalla-2019-03-25-a-las-16.46.02.png\",\"articleSection\":[\"Violencia machista\"],\"inLanguage\":\"eu\"},{\"@type\":\"WebPage\",\"@id\":\"https:\\\/\\\/sortzen.org\\\/la-justicia-italiana-concede-la-custodia-de-los-hijos-de-juana-rivas-al-padre-e-impone-a-la-madre-un-regimen-de-visitas-severo\\\/\",\"url\":\"https:\\\/\\\/sortzen.org\\\/la-justicia-italiana-concede-la-custodia-de-los-hijos-de-juana-rivas-al-padre-e-impone-a-la-madre-un-regimen-de-visitas-severo\\\/\",\"name\":\"La Justicia italiana concede la custodia de los hijos de Juana Rivas al padre e impone a la madre un r\u00e9gimen de visitas severo - Sortzen\",\"isPartOf\":{\"@id\":\"https:\\\/\\\/sortzen.org\\\/#website\"},\"primaryImageOfPage\":{\"@id\":\"https:\\\/\\\/sortzen.org\\\/la-justicia-italiana-concede-la-custodia-de-los-hijos-de-juana-rivas-al-padre-e-impone-a-la-madre-un-regimen-de-visitas-severo\\\/#primaryimage\"},\"image\":{\"@id\":\"https:\\\/\\\/sortzen.org\\\/la-justicia-italiana-concede-la-custodia-de-los-hijos-de-juana-rivas-al-padre-e-impone-a-la-madre-un-regimen-de-visitas-severo\\\/#primaryimage\"},\"thumbnailUrl\":\"https:\\\/\\\/sortzen.org\\\/wp-content\\\/uploads\\\/2019\\\/03\\\/Captura-de-pantalla-2019-03-25-a-las-16.46.02.png\",\"datePublished\":\"2019-03-25T15:47:51+00:00\",\"dateModified\":\"2019-03-25T15:48:58+00:00\",\"author\":{\"@id\":\"https:\\\/\\\/sortzen.org\\\/#\\\/schema\\\/person\\\/ae19f6202f1109a3151f75b53b61d1a7\"},\"breadcrumb\":{\"@id\":\"https:\\\/\\\/sortzen.org\\\/la-justicia-italiana-concede-la-custodia-de-los-hijos-de-juana-rivas-al-padre-e-impone-a-la-madre-un-regimen-de-visitas-severo\\\/#breadcrumb\"},\"inLanguage\":\"eu\",\"potentialAction\":[{\"@type\":\"ReadAction\",\"target\":[\"https:\\\/\\\/sortzen.org\\\/la-justicia-italiana-concede-la-custodia-de-los-hijos-de-juana-rivas-al-padre-e-impone-a-la-madre-un-regimen-de-visitas-severo\\\/\"]}]},{\"@type\":\"ImageObject\",\"inLanguage\":\"eu\",\"@id\":\"https:\\\/\\\/sortzen.org\\\/la-justicia-italiana-concede-la-custodia-de-los-hijos-de-juana-rivas-al-padre-e-impone-a-la-madre-un-regimen-de-visitas-severo\\\/#primaryimage\",\"url\":\"https:\\\/\\\/sortzen.org\\\/wp-content\\\/uploads\\\/2019\\\/03\\\/Captura-de-pantalla-2019-03-25-a-las-16.46.02.png\",\"contentUrl\":\"https:\\\/\\\/sortzen.org\\\/wp-content\\\/uploads\\\/2019\\\/03\\\/Captura-de-pantalla-2019-03-25-a-las-16.46.02.png\",\"width\":1324,\"height\":734},{\"@type\":\"BreadcrumbList\",\"@id\":\"https:\\\/\\\/sortzen.org\\\/la-justicia-italiana-concede-la-custodia-de-los-hijos-de-juana-rivas-al-padre-e-impone-a-la-madre-un-regimen-de-visitas-severo\\\/#breadcrumb\",\"itemListElement\":[{\"@type\":\"ListItem\",\"position\":1,\"name\":\"Home\",\"item\":\"https:\\\/\\\/sortzen.org\\\/\"},{\"@type\":\"ListItem\",\"position\":2,\"name\":\"La Justicia italiana concede la custodia de los hijos de Juana Rivas al padre e impone a la madre un r\u00e9gimen de visitas severo\"}]},{\"@type\":\"WebSite\",\"@id\":\"https:\\\/\\\/sortzen.org\\\/#website\",\"url\":\"https:\\\/\\\/sortzen.org\\\/\",\"name\":\"Sortzen\",\"description\":\"Consultor\u00eda especializada en la prevenci\u00f3n y atenci\u00f3n de la violencia machista y los procesos de empoderamiento de las mujeres\",\"potentialAction\":[{\"@type\":\"SearchAction\",\"target\":{\"@type\":\"EntryPoint\",\"urlTemplate\":\"https:\\\/\\\/sortzen.org\\\/?s={search_term_string}\"},\"query-input\":{\"@type\":\"PropertyValueSpecification\",\"valueRequired\":true,\"valueName\":\"search_term_string\"}}],\"inLanguage\":\"eu\"},{\"@type\":\"Person\",\"@id\":\"https:\\\/\\\/sortzen.org\\\/#\\\/schema\\\/person\\\/ae19f6202f1109a3151f75b53b61d1a7\",\"name\":\"SortzenEditor\",\"url\":\"https:\\\/\\\/sortzen.org\\\/eu\\\/author\\\/sortzeneditor\\\/\"}]}<\/script>\n<!-- \/ Yoast SEO plugin. -->","yoast_head_json":{"title":"La Justicia italiana concede la custodia de los hijos de Juana Rivas al padre e impone a la madre un r\u00e9gimen de visitas severo - Sortzen","robots":{"index":"index","follow":"follow","max-snippet":"max-snippet:-1","max-image-preview":"max-image-preview:large","max-video-preview":"max-video-preview:-1"},"canonical":"https:\/\/sortzen.org\/eu\/la-justicia-italiana-concede-la-custodia-de-los-hijos-de-juana-rivas-al-padre-e-impone-a-la-madre-un-regimen-de-visitas-severo\/","og_locale":"en_US","og_type":"article","og_title":"La Justicia italiana concede la custodia de los hijos de Juana Rivas al padre e impone a la madre un r\u00e9gimen de visitas severo - Sortzen","og_description":"La madre podr\u00e1 verlos un fin de semana de cada dos si vive en Italia, o uno de cada cinco si vive en Espa\u00f1a.","og_url":"https:\/\/sortzen.org\/eu\/la-justicia-italiana-concede-la-custodia-de-los-hijos-de-juana-rivas-al-padre-e-impone-a-la-madre-un-regimen-de-visitas-severo\/","og_site_name":"Sortzen","article_published_time":"2019-03-25T15:47:51+00:00","article_modified_time":"2019-03-25T15:48:58+00:00","og_image":[{"width":1324,"height":734,"url":"https:\/\/sortzen.org\/wp-content\/uploads\/2019\/03\/Captura-de-pantalla-2019-03-25-a-las-16.46.02.png","type":"image\/png"}],"author":"SortzenEditor","twitter_misc":{"Written by":"SortzenEditor","Est. reading time":"1 minutua"},"schema":{"@context":"https:\/\/schema.org","@graph":[{"@type":"Article","@id":"https:\/\/sortzen.org\/la-justicia-italiana-concede-la-custodia-de-los-hijos-de-juana-rivas-al-padre-e-impone-a-la-madre-un-regimen-de-visitas-severo\/#article","isPartOf":{"@id":"https:\/\/sortzen.org\/la-justicia-italiana-concede-la-custodia-de-los-hijos-de-juana-rivas-al-padre-e-impone-a-la-madre-un-regimen-de-visitas-severo\/"},"author":{"name":"SortzenEditor","@id":"https:\/\/sortzen.org\/#\/schema\/person\/ae19f6202f1109a3151f75b53b61d1a7"},"headline":"La Justicia italiana concede la custodia de los hijos de Juana Rivas al padre e impone a la madre un r\u00e9gimen de visitas severo","datePublished":"2019-03-25T15:47:51+00:00","dateModified":"2019-03-25T15:48:58+00:00","mainEntityOfPage":{"@id":"https:\/\/sortzen.org\/la-justicia-italiana-concede-la-custodia-de-los-hijos-de-juana-rivas-al-padre-e-impone-a-la-madre-un-regimen-de-visitas-severo\/"},"wordCount":158,"image":{"@id":"https:\/\/sortzen.org\/la-justicia-italiana-concede-la-custodia-de-los-hijos-de-juana-rivas-al-padre-e-impone-a-la-madre-un-regimen-de-visitas-severo\/#primaryimage"},"thumbnailUrl":"https:\/\/sortzen.org\/wp-content\/uploads\/2019\/03\/Captura-de-pantalla-2019-03-25-a-las-16.46.02.png","articleSection":["Violencia machista"],"inLanguage":"eu"},{"@type":"WebPage","@id":"https:\/\/sortzen.org\/la-justicia-italiana-concede-la-custodia-de-los-hijos-de-juana-rivas-al-padre-e-impone-a-la-madre-un-regimen-de-visitas-severo\/","url":"https:\/\/sortzen.org\/la-justicia-italiana-concede-la-custodia-de-los-hijos-de-juana-rivas-al-padre-e-impone-a-la-madre-un-regimen-de-visitas-severo\/","name":"La Justicia italiana concede la custodia de los hijos de Juana Rivas al padre e impone a la madre un r\u00e9gimen de visitas severo - Sortzen","isPartOf":{"@id":"https:\/\/sortzen.org\/#website"},"primaryImageOfPage":{"@id":"https:\/\/sortzen.org\/la-justicia-italiana-concede-la-custodia-de-los-hijos-de-juana-rivas-al-padre-e-impone-a-la-madre-un-regimen-de-visitas-severo\/#primaryimage"},"image":{"@id":"https:\/\/sortzen.org\/la-justicia-italiana-concede-la-custodia-de-los-hijos-de-juana-rivas-al-padre-e-impone-a-la-madre-un-regimen-de-visitas-severo\/#primaryimage"},"thumbnailUrl":"https:\/\/sortzen.org\/wp-content\/uploads\/2019\/03\/Captura-de-pantalla-2019-03-25-a-las-16.46.02.png","datePublished":"2019-03-25T15:47:51+00:00","dateModified":"2019-03-25T15:48:58+00:00","author":{"@id":"https:\/\/sortzen.org\/#\/schema\/person\/ae19f6202f1109a3151f75b53b61d1a7"},"breadcrumb":{"@id":"https:\/\/sortzen.org\/la-justicia-italiana-concede-la-custodia-de-los-hijos-de-juana-rivas-al-padre-e-impone-a-la-madre-un-regimen-de-visitas-severo\/#breadcrumb"},"inLanguage":"eu","potentialAction":[{"@type":"ReadAction","target":["https:\/\/sortzen.org\/la-justicia-italiana-concede-la-custodia-de-los-hijos-de-juana-rivas-al-padre-e-impone-a-la-madre-un-regimen-de-visitas-severo\/"]}]},{"@type":"ImageObject","inLanguage":"eu","@id":"https:\/\/sortzen.org\/la-justicia-italiana-concede-la-custodia-de-los-hijos-de-juana-rivas-al-padre-e-impone-a-la-madre-un-regimen-de-visitas-severo\/#primaryimage","url":"https:\/\/sortzen.org\/wp-content\/uploads\/2019\/03\/Captura-de-pantalla-2019-03-25-a-las-16.46.02.png","contentUrl":"https:\/\/sortzen.org\/wp-content\/uploads\/2019\/03\/Captura-de-pantalla-2019-03-25-a-las-16.46.02.png","width":1324,"height":734},{"@type":"BreadcrumbList","@id":"https:\/\/sortzen.org\/la-justicia-italiana-concede-la-custodia-de-los-hijos-de-juana-rivas-al-padre-e-impone-a-la-madre-un-regimen-de-visitas-severo\/#breadcrumb","itemListElement":[{"@type":"ListItem","position":1,"name":"Home","item":"https:\/\/sortzen.org\/"},{"@type":"ListItem","position":2,"name":"La Justicia italiana concede la custodia de los hijos de Juana Rivas al padre e impone a la madre un r\u00e9gimen de visitas severo"}]},{"@type":"WebSite","@id":"https:\/\/sortzen.org\/#website","url":"https:\/\/sortzen.org\/","name":"Sortzen","description":"Consultor\u00eda especializada en la prevenci\u00f3n y atenci\u00f3n de la violencia machista y los procesos de empoderamiento de las mujeres","potentialAction":[{"@type":"SearchAction","target":{"@type":"EntryPoint","urlTemplate":"https:\/\/sortzen.org\/?s={search_term_string}"},"query-input":{"@type":"PropertyValueSpecification","valueRequired":true,"valueName":"search_term_string"}}],"inLanguage":"eu"},{"@type":"Person","@id":"https:\/\/sortzen.org\/#\/schema\/person\/ae19f6202f1109a3151f75b53b61d1a7","name":"SortzenEditor","url":"https:\/\/sortzen.org\/eu\/author\/sortzeneditor\/"}]}},"jetpack_featured_media_url":"https:\/\/sortzen.org\/wp-content\/uploads\/2019\/03\/Captura-de-pantalla-2019-03-25-a-las-16.46.02.png","_links":{"self":[{"href":"https:\/\/sortzen.org\/eu\/wp-json\/wp\/v2\/posts\/2219","targetHints":{"allow":["GET"]}}],"collection":[{"href":"https:\/\/sortzen.org\/eu\/wp-json\/wp\/v2\/posts"}],"about":[{"href":"https:\/\/sortzen.org\/eu\/wp-json\/wp\/v2\/types\/post"}],"author":[{"embeddable":true,"href":"https:\/\/sortzen.org\/eu\/wp-json\/wp\/v2\/users\/4"}],"replies":[{"embeddable":true,"href":"https:\/\/sortzen.org\/eu\/wp-json\/wp\/v2\/comments?post=2219"}],"version-history":[{"count":0,"href":"https:\/\/sortzen.org\/eu\/wp-json\/wp\/v2\/posts\/2219\/revisions"}],"wp:featuredmedia":[{"embeddable":true,"href":"https:\/\/sortzen.org\/eu\/wp-json\/wp\/v2\/media\/2220"}],"wp:attachment":[{"href":"https:\/\/sortzen.org\/eu\/wp-json\/wp\/v2\/media?parent=2219"}],"wp:term":[{"taxonomy":"category","embeddable":true,"href":"https:\/\/sortzen.org\/eu\/wp-json\/wp\/v2\/categories?post=2219"},{"taxonomy":"post_tag","embeddable":true,"href":"https:\/\/sortzen.org\/eu\/wp-json\/wp\/v2\/tags?post=2219"}],"curies":[{"name":"wp","href":"https:\/\/api.w.org\/{rel}","templated":true}]}}