{"id":2228,"date":"2019-03-25T19:16:12","date_gmt":"2019-03-25T18:16:12","guid":{"rendered":"https:\/\/sortzen.org\/?p=2228"},"modified":"2019-03-25T19:16:12","modified_gmt":"2019-03-25T18:16:12","slug":"no-podemos-dejar-que-el-temor-a-la-ultraderecha-nos-lleve-al-feminismo-liberal","status":"publish","type":"post","link":"https:\/\/sortzen.org\/eu\/no-podemos-dejar-que-el-temor-a-la-ultraderecha-nos-lleve-al-feminismo-liberal\/","title":{"rendered":"No podemos dejar que el temor a la ultraderecha nos lleve al feminismo liberal"},"content":{"rendered":"<p>Nancy Fraser, fil\u00f3sofa pol\u00edtica, intelectual y feminista estadounidense, es profesora de la New School for Social Research y una de las impulsoras del denominado Feminismo del 99%. Este viernes aterriz\u00f3 en Madrid para participar en\u00a0un ciclo de conferencias organizadas por\u00a0<a title=\"Link a la web el GEC\" href=\"http:\/\/www.gec-madrid.org\/2019\/03\/07\/nancy-fraser-capitalismo-derechos-y-luchas-feministas\/\" target=\"_blank\" rel=\"noopener noreferrer\">El Grupo de Estudios Cr\u00edticos<\/a>, un proyecto de estudios del Centro Estudios del Museo Reina Sof\u00eda, en colaboaci\u00f3n con\u00a0<a title=\"Link a la web de Medialab\" href=\"https:\/\/www.medialab-prado.es\/actividades\/seminario-feminismo-teoria-critica-politica-con-nancy-fraser?fbclid=IwAR2cD1cO7ViqMdm2wAbcWmV60y0ruDpGhhw_u__Ijo8F3_yKUzootBdrVEc\" target=\"_blank\" rel=\"noopener noreferrer\">Medialab<\/a>. En esta entrevista con P\u00fablico, Fraser desgrana las claves de este movimiento feminista, la necesidad de cambiar el modelo capitalista y los riesgos a los que nos enfrentamos en esta tarea.<\/p>\n<p>&nbsp;<\/p>\n<p>Leer m\u00e1s:\u00a0<a href=\"https:\/\/www.publico.es\/sociedad\/entrevista-nancy-fraser-no-dejar-temor-ultraderecha-lleve-feminismo-liberal.html\">https:\/\/www.publico.es\/sociedad\/entrevista-nancy-fraser-no-dejar-temor-ultraderecha-lleve-feminismo-liberal.html<\/a><\/p>","protected":false},"excerpt":{"rendered":"<p>Entrevista a  Nancy Fraser.<br \/>\nEn su visita a Madrid para participar en un ciclo de debates, la fil\u00f3sofa y feminista estadounidense, Nancy Fraser, explic\u00f3 los fundamentos del movimiento feminismo del 99% y advirti\u00f3 de los riesgos de caer en el feminismo liberal por miedo a combatir a la ultraderecha.<\/p>","protected":false},"author":4,"featured_media":2229,"comment_status":"closed","ping_status":"closed","sticky":false,"template":"","format":"standard","meta":{"footnotes":""},"categories":[46],"tags":[],"class_list":["post-2228","post","type-post","status-publish","format-standard","has-post-thumbnail","hentry","category-violencia-machista"],"yoast_head":"<!-- This site is optimized with the Yoast SEO plugin v27.5 - https:\/\/yoast.com\/product\/yoast-seo-wordpress\/ -->\n<title>No podemos dejar que el temor a la ultraderecha nos lleve al feminismo liberal - Sortzen<\/title>\n<meta name=\"robots\" content=\"index, follow, max-snippet:-1, max-image-preview:large, max-video-preview:-1\" \/>\n<link rel=\"canonical\" href=\"https:\/\/sortzen.org\/eu\/no-podemos-dejar-que-el-temor-a-la-ultraderecha-nos-lleve-al-feminismo-liberal\/\" \/>\n<meta property=\"og:locale\" content=\"en_US\" \/>\n<meta property=\"og:type\" content=\"article\" \/>\n<meta property=\"og:title\" content=\"No podemos dejar que el temor a la ultraderecha nos lleve al feminismo liberal - Sortzen\" \/>\n<meta property=\"og:description\" content=\"Entrevista a Nancy Fraser.  En su visita a Madrid para participar en un ciclo de debates, la fil\u00f3sofa y feminista estadounidense, Nancy Fraser, explic\u00f3 los fundamentos del movimiento feminismo del 99% y advirti\u00f3 de los riesgos de caer en el feminismo liberal por miedo a combatir a la ultraderecha.\" \/>\n<meta property=\"og:url\" content=\"https:\/\/sortzen.org\/eu\/no-podemos-dejar-que-el-temor-a-la-ultraderecha-nos-lleve-al-feminismo-liberal\/\" \/>\n<meta property=\"og:site_name\" content=\"Sortzen\" \/>\n<meta property=\"article:published_time\" content=\"2019-03-25T18:16:12+00:00\" \/>\n<meta property=\"og:image\" content=\"https:\/\/sortzen.org\/wp-content\/uploads\/2019\/03\/Captura-de-pantalla-2019-03-25-a-las-19.15.37.png\" \/>\n\t<meta property=\"og:image:width\" content=\"1322\" \/>\n\t<meta property=\"og:image:height\" content=\"724\" \/>\n\t<meta property=\"og:image:type\" content=\"image\/png\" \/>\n<meta name=\"author\" content=\"SortzenEditor\" \/>\n<meta name=\"twitter:label1\" content=\"Written by\" \/>\n\t<meta name=\"twitter:data1\" content=\"SortzenEditor\" \/>\n\t<meta name=\"twitter:label2\" content=\"Est. reading time\" \/>\n\t<meta name=\"twitter:data2\" content=\"1 minutua\" \/>\n<script type=\"application\/ld+json\" class=\"yoast-schema-graph\">{\"@context\":\"https:\\\/\\\/schema.org\",\"@graph\":[{\"@type\":\"Article\",\"@id\":\"https:\\\/\\\/sortzen.org\\\/no-podemos-dejar-que-el-temor-a-la-ultraderecha-nos-lleve-al-feminismo-liberal\\\/#article\",\"isPartOf\":{\"@id\":\"https:\\\/\\\/sortzen.org\\\/no-podemos-dejar-que-el-temor-a-la-ultraderecha-nos-lleve-al-feminismo-liberal\\\/\"},\"author\":{\"name\":\"SortzenEditor\",\"@id\":\"https:\\\/\\\/sortzen.org\\\/#\\\/schema\\\/person\\\/ae19f6202f1109a3151f75b53b61d1a7\"},\"headline\":\"No podemos dejar que el temor a la ultraderecha nos lleve al feminismo liberal\",\"datePublished\":\"2019-03-25T18:16:12+00:00\",\"mainEntityOfPage\":{\"@id\":\"https:\\\/\\\/sortzen.org\\\/no-podemos-dejar-que-el-temor-a-la-ultraderecha-nos-lleve-al-feminismo-liberal\\\/\"},\"wordCount\":122,\"image\":{\"@id\":\"https:\\\/\\\/sortzen.org\\\/no-podemos-dejar-que-el-temor-a-la-ultraderecha-nos-lleve-al-feminismo-liberal\\\/#primaryimage\"},\"thumbnailUrl\":\"https:\\\/\\\/sortzen.org\\\/wp-content\\\/uploads\\\/2019\\\/03\\\/Captura-de-pantalla-2019-03-25-a-las-19.15.37.png\",\"articleSection\":[\"Violencia machista\"],\"inLanguage\":\"eu\"},{\"@type\":\"WebPage\",\"@id\":\"https:\\\/\\\/sortzen.org\\\/no-podemos-dejar-que-el-temor-a-la-ultraderecha-nos-lleve-al-feminismo-liberal\\\/\",\"url\":\"https:\\\/\\\/sortzen.org\\\/no-podemos-dejar-que-el-temor-a-la-ultraderecha-nos-lleve-al-feminismo-liberal\\\/\",\"name\":\"No podemos dejar que el temor a la ultraderecha nos lleve al feminismo liberal - Sortzen\",\"isPartOf\":{\"@id\":\"https:\\\/\\\/sortzen.org\\\/#website\"},\"primaryImageOfPage\":{\"@id\":\"https:\\\/\\\/sortzen.org\\\/no-podemos-dejar-que-el-temor-a-la-ultraderecha-nos-lleve-al-feminismo-liberal\\\/#primaryimage\"},\"image\":{\"@id\":\"https:\\\/\\\/sortzen.org\\\/no-podemos-dejar-que-el-temor-a-la-ultraderecha-nos-lleve-al-feminismo-liberal\\\/#primaryimage\"},\"thumbnailUrl\":\"https:\\\/\\\/sortzen.org\\\/wp-content\\\/uploads\\\/2019\\\/03\\\/Captura-de-pantalla-2019-03-25-a-las-19.15.37.png\",\"datePublished\":\"2019-03-25T18:16:12+00:00\",\"author\":{\"@id\":\"https:\\\/\\\/sortzen.org\\\/#\\\/schema\\\/person\\\/ae19f6202f1109a3151f75b53b61d1a7\"},\"breadcrumb\":{\"@id\":\"https:\\\/\\\/sortzen.org\\\/no-podemos-dejar-que-el-temor-a-la-ultraderecha-nos-lleve-al-feminismo-liberal\\\/#breadcrumb\"},\"inLanguage\":\"eu\",\"potentialAction\":[{\"@type\":\"ReadAction\",\"target\":[\"https:\\\/\\\/sortzen.org\\\/no-podemos-dejar-que-el-temor-a-la-ultraderecha-nos-lleve-al-feminismo-liberal\\\/\"]}]},{\"@type\":\"ImageObject\",\"inLanguage\":\"eu\",\"@id\":\"https:\\\/\\\/sortzen.org\\\/no-podemos-dejar-que-el-temor-a-la-ultraderecha-nos-lleve-al-feminismo-liberal\\\/#primaryimage\",\"url\":\"https:\\\/\\\/sortzen.org\\\/wp-content\\\/uploads\\\/2019\\\/03\\\/Captura-de-pantalla-2019-03-25-a-las-19.15.37.png\",\"contentUrl\":\"https:\\\/\\\/sortzen.org\\\/wp-content\\\/uploads\\\/2019\\\/03\\\/Captura-de-pantalla-2019-03-25-a-las-19.15.37.png\",\"width\":1322,\"height\":724},{\"@type\":\"BreadcrumbList\",\"@id\":\"https:\\\/\\\/sortzen.org\\\/no-podemos-dejar-que-el-temor-a-la-ultraderecha-nos-lleve-al-feminismo-liberal\\\/#breadcrumb\",\"itemListElement\":[{\"@type\":\"ListItem\",\"position\":1,\"name\":\"Home\",\"item\":\"https:\\\/\\\/sortzen.org\\\/\"},{\"@type\":\"ListItem\",\"position\":2,\"name\":\"No podemos dejar que el temor a la ultraderecha nos lleve al feminismo liberal\"}]},{\"@type\":\"WebSite\",\"@id\":\"https:\\\/\\\/sortzen.org\\\/#website\",\"url\":\"https:\\\/\\\/sortzen.org\\\/\",\"name\":\"Sortzen\",\"description\":\"Consultor\u00eda especializada en la prevenci\u00f3n y atenci\u00f3n de la violencia machista y los procesos de empoderamiento de las mujeres\",\"potentialAction\":[{\"@type\":\"SearchAction\",\"target\":{\"@type\":\"EntryPoint\",\"urlTemplate\":\"https:\\\/\\\/sortzen.org\\\/?s={search_term_string}\"},\"query-input\":{\"@type\":\"PropertyValueSpecification\",\"valueRequired\":true,\"valueName\":\"search_term_string\"}}],\"inLanguage\":\"eu\"},{\"@type\":\"Person\",\"@id\":\"https:\\\/\\\/sortzen.org\\\/#\\\/schema\\\/person\\\/ae19f6202f1109a3151f75b53b61d1a7\",\"name\":\"SortzenEditor\",\"url\":\"https:\\\/\\\/sortzen.org\\\/eu\\\/author\\\/sortzeneditor\\\/\"}]}<\/script>\n<!-- \/ Yoast SEO plugin. -->","yoast_head_json":{"title":"No podemos dejar que el temor a la ultraderecha nos lleve al feminismo liberal - Sortzen","robots":{"index":"index","follow":"follow","max-snippet":"max-snippet:-1","max-image-preview":"max-image-preview:large","max-video-preview":"max-video-preview:-1"},"canonical":"https:\/\/sortzen.org\/eu\/no-podemos-dejar-que-el-temor-a-la-ultraderecha-nos-lleve-al-feminismo-liberal\/","og_locale":"en_US","og_type":"article","og_title":"No podemos dejar que el temor a la ultraderecha nos lleve al feminismo liberal - Sortzen","og_description":"Entrevista a Nancy Fraser.  En su visita a Madrid para participar en un ciclo de debates, la fil\u00f3sofa y feminista estadounidense, Nancy Fraser, explic\u00f3 los fundamentos del movimiento feminismo del 99% y advirti\u00f3 de los riesgos de caer en el feminismo liberal por miedo a combatir a la ultraderecha.","og_url":"https:\/\/sortzen.org\/eu\/no-podemos-dejar-que-el-temor-a-la-ultraderecha-nos-lleve-al-feminismo-liberal\/","og_site_name":"Sortzen","article_published_time":"2019-03-25T18:16:12+00:00","og_image":[{"width":1322,"height":724,"url":"https:\/\/sortzen.org\/wp-content\/uploads\/2019\/03\/Captura-de-pantalla-2019-03-25-a-las-19.15.37.png","type":"image\/png"}],"author":"SortzenEditor","twitter_misc":{"Written by":"SortzenEditor","Est. reading time":"1 minutua"},"schema":{"@context":"https:\/\/schema.org","@graph":[{"@type":"Article","@id":"https:\/\/sortzen.org\/no-podemos-dejar-que-el-temor-a-la-ultraderecha-nos-lleve-al-feminismo-liberal\/#article","isPartOf":{"@id":"https:\/\/sortzen.org\/no-podemos-dejar-que-el-temor-a-la-ultraderecha-nos-lleve-al-feminismo-liberal\/"},"author":{"name":"SortzenEditor","@id":"https:\/\/sortzen.org\/#\/schema\/person\/ae19f6202f1109a3151f75b53b61d1a7"},"headline":"No podemos dejar que el temor a la ultraderecha nos lleve al feminismo liberal","datePublished":"2019-03-25T18:16:12+00:00","mainEntityOfPage":{"@id":"https:\/\/sortzen.org\/no-podemos-dejar-que-el-temor-a-la-ultraderecha-nos-lleve-al-feminismo-liberal\/"},"wordCount":122,"image":{"@id":"https:\/\/sortzen.org\/no-podemos-dejar-que-el-temor-a-la-ultraderecha-nos-lleve-al-feminismo-liberal\/#primaryimage"},"thumbnailUrl":"https:\/\/sortzen.org\/wp-content\/uploads\/2019\/03\/Captura-de-pantalla-2019-03-25-a-las-19.15.37.png","articleSection":["Violencia machista"],"inLanguage":"eu"},{"@type":"WebPage","@id":"https:\/\/sortzen.org\/no-podemos-dejar-que-el-temor-a-la-ultraderecha-nos-lleve-al-feminismo-liberal\/","url":"https:\/\/sortzen.org\/no-podemos-dejar-que-el-temor-a-la-ultraderecha-nos-lleve-al-feminismo-liberal\/","name":"No podemos dejar que el temor a la ultraderecha nos lleve al feminismo liberal - Sortzen","isPartOf":{"@id":"https:\/\/sortzen.org\/#website"},"primaryImageOfPage":{"@id":"https:\/\/sortzen.org\/no-podemos-dejar-que-el-temor-a-la-ultraderecha-nos-lleve-al-feminismo-liberal\/#primaryimage"},"image":{"@id":"https:\/\/sortzen.org\/no-podemos-dejar-que-el-temor-a-la-ultraderecha-nos-lleve-al-feminismo-liberal\/#primaryimage"},"thumbnailUrl":"https:\/\/sortzen.org\/wp-content\/uploads\/2019\/03\/Captura-de-pantalla-2019-03-25-a-las-19.15.37.png","datePublished":"2019-03-25T18:16:12+00:00","author":{"@id":"https:\/\/sortzen.org\/#\/schema\/person\/ae19f6202f1109a3151f75b53b61d1a7"},"breadcrumb":{"@id":"https:\/\/sortzen.org\/no-podemos-dejar-que-el-temor-a-la-ultraderecha-nos-lleve-al-feminismo-liberal\/#breadcrumb"},"inLanguage":"eu","potentialAction":[{"@type":"ReadAction","target":["https:\/\/sortzen.org\/no-podemos-dejar-que-el-temor-a-la-ultraderecha-nos-lleve-al-feminismo-liberal\/"]}]},{"@type":"ImageObject","inLanguage":"eu","@id":"https:\/\/sortzen.org\/no-podemos-dejar-que-el-temor-a-la-ultraderecha-nos-lleve-al-feminismo-liberal\/#primaryimage","url":"https:\/\/sortzen.org\/wp-content\/uploads\/2019\/03\/Captura-de-pantalla-2019-03-25-a-las-19.15.37.png","contentUrl":"https:\/\/sortzen.org\/wp-content\/uploads\/2019\/03\/Captura-de-pantalla-2019-03-25-a-las-19.15.37.png","width":1322,"height":724},{"@type":"BreadcrumbList","@id":"https:\/\/sortzen.org\/no-podemos-dejar-que-el-temor-a-la-ultraderecha-nos-lleve-al-feminismo-liberal\/#breadcrumb","itemListElement":[{"@type":"ListItem","position":1,"name":"Home","item":"https:\/\/sortzen.org\/"},{"@type":"ListItem","position":2,"name":"No podemos dejar que el temor a la ultraderecha nos lleve al feminismo liberal"}]},{"@type":"WebSite","@id":"https:\/\/sortzen.org\/#website","url":"https:\/\/sortzen.org\/","name":"Sortzen","description":"Consultor\u00eda especializada en la prevenci\u00f3n y atenci\u00f3n de la violencia machista y los procesos de empoderamiento de las mujeres","potentialAction":[{"@type":"SearchAction","target":{"@type":"EntryPoint","urlTemplate":"https:\/\/sortzen.org\/?s={search_term_string}"},"query-input":{"@type":"PropertyValueSpecification","valueRequired":true,"valueName":"search_term_string"}}],"inLanguage":"eu"},{"@type":"Person","@id":"https:\/\/sortzen.org\/#\/schema\/person\/ae19f6202f1109a3151f75b53b61d1a7","name":"SortzenEditor","url":"https:\/\/sortzen.org\/eu\/author\/sortzeneditor\/"}]}},"jetpack_featured_media_url":"https:\/\/sortzen.org\/wp-content\/uploads\/2019\/03\/Captura-de-pantalla-2019-03-25-a-las-19.15.37.png","_links":{"self":[{"href":"https:\/\/sortzen.org\/eu\/wp-json\/wp\/v2\/posts\/2228","targetHints":{"allow":["GET"]}}],"collection":[{"href":"https:\/\/sortzen.org\/eu\/wp-json\/wp\/v2\/posts"}],"about":[{"href":"https:\/\/sortzen.org\/eu\/wp-json\/wp\/v2\/types\/post"}],"author":[{"embeddable":true,"href":"https:\/\/sortzen.org\/eu\/wp-json\/wp\/v2\/users\/4"}],"replies":[{"embeddable":true,"href":"https:\/\/sortzen.org\/eu\/wp-json\/wp\/v2\/comments?post=2228"}],"version-history":[{"count":0,"href":"https:\/\/sortzen.org\/eu\/wp-json\/wp\/v2\/posts\/2228\/revisions"}],"wp:featuredmedia":[{"embeddable":true,"href":"https:\/\/sortzen.org\/eu\/wp-json\/wp\/v2\/media\/2229"}],"wp:attachment":[{"href":"https:\/\/sortzen.org\/eu\/wp-json\/wp\/v2\/media?parent=2228"}],"wp:term":[{"taxonomy":"category","embeddable":true,"href":"https:\/\/sortzen.org\/eu\/wp-json\/wp\/v2\/categories?post=2228"},{"taxonomy":"post_tag","embeddable":true,"href":"https:\/\/sortzen.org\/eu\/wp-json\/wp\/v2\/tags?post=2228"}],"curies":[{"name":"wp","href":"https:\/\/api.w.org\/{rel}","templated":true}]}}