{"id":2249,"date":"2019-04-02T15:38:38","date_gmt":"2019-04-02T14:38:38","guid":{"rendered":"https:\/\/sortzen.org\/?p=2249"},"modified":"2019-04-02T15:38:38","modified_gmt":"2019-04-02T14:38:38","slug":"no-estamos-todas-faltan-las-internas","status":"publish","type":"post","link":"https:\/\/sortzen.org\/eu\/no-estamos-todas-faltan-las-internas\/","title":{"rendered":"No estamos todas, faltan las internas"},"content":{"rendered":"<p>No s\u00e9 su nombre. Me dice que tiene 31 a\u00f1os. Es de Nicaragua. Dedica al trabajo 22 horas al d\u00eda y cobra poco m\u00e1s de 600 euros.\u00a0 Trabaja en Donostia como empleada de hogar interna en una casa del acaudalado barrio de Miraconcha. Me cuentan que est\u00e1 embarazada. Seg\u00fan lo hacen, intuyo su despido. Al d\u00eda siguiente mis peores augurios se confirman. Sus empleadores le dicen que en abril tendr\u00e1 que irse. No hay despido porque no hay contrato. Por lo mismo, tampoco indemnizaci\u00f3n. Aunque lo tuviera no podr\u00eda cobrar el subsidio de desempleo. La han echado, pero si no la hubieran despedido y hubiera tenido un contrato, nunca podr\u00eda haber pedido ninguna excedencia ni reducci\u00f3n de jornada por cuidado. As\u00ed lo quiso el Parlamento de Gasteiz en 2017 con los votos del PNV, PSE y PP.<\/p>\n<p>Leer m\u00e1s:\u00a0<a href=\"https:\/\/www.eldiario.es\/norte\/vientodelnorte\/todas-faltan-internas_6_884071607.html\">https:\/\/www.eldiario.es\/norte\/vientodelnorte\/todas-faltan-internas_6_884071607.html<\/a><\/p>","protected":false},"excerpt":{"rendered":"<p>Euskadi, como Espa\u00f1a, est\u00e1 resolviendo su particular crisis de los cuidados importando mano de obra femenina y pobre, fundamentalmente de pa\u00edses hist\u00f3ricamente expoliados.<\/p>","protected":false},"author":4,"featured_media":2250,"comment_status":"closed","ping_status":"closed","sticky":false,"template":"","format":"standard","meta":{"footnotes":""},"categories":[34],"tags":[],"class_list":["post-2249","post","type-post","status-publish","format-standard","has-post-thumbnail","hentry","category-mujeres-migradas"],"yoast_head":"<!-- This site is optimized with the Yoast SEO plugin v27.5 - https:\/\/yoast.com\/product\/yoast-seo-wordpress\/ -->\n<title>No estamos todas, faltan las internas - Sortzen<\/title>\n<meta name=\"robots\" content=\"index, follow, max-snippet:-1, max-image-preview:large, max-video-preview:-1\" \/>\n<link rel=\"canonical\" href=\"https:\/\/sortzen.org\/eu\/no-estamos-todas-faltan-las-internas\/\" \/>\n<meta property=\"og:locale\" content=\"en_US\" \/>\n<meta property=\"og:type\" content=\"article\" \/>\n<meta property=\"og:title\" content=\"No estamos todas, faltan las internas - Sortzen\" \/>\n<meta property=\"og:description\" content=\"Euskadi, como Espa\u00f1a, est\u00e1 resolviendo su particular crisis de los cuidados importando mano de obra femenina y pobre, fundamentalmente de pa\u00edses hist\u00f3ricamente expoliados.\" \/>\n<meta property=\"og:url\" content=\"https:\/\/sortzen.org\/eu\/no-estamos-todas-faltan-las-internas\/\" \/>\n<meta property=\"og:site_name\" content=\"Sortzen\" \/>\n<meta property=\"article:published_time\" content=\"2019-04-02T14:38:38+00:00\" \/>\n<meta property=\"og:image\" content=\"https:\/\/sortzen.org\/wp-content\/uploads\/2019\/04\/Captura-de-pantalla-2019-04-02-a-las-16.37.32.png\" \/>\n\t<meta property=\"og:image:width\" content=\"1276\" \/>\n\t<meta property=\"og:image:height\" content=\"774\" \/>\n\t<meta property=\"og:image:type\" content=\"image\/png\" \/>\n<meta name=\"author\" content=\"SortzenEditor\" \/>\n<meta name=\"twitter:label1\" content=\"Written by\" \/>\n\t<meta name=\"twitter:data1\" content=\"SortzenEditor\" \/>\n\t<meta name=\"twitter:label2\" content=\"Est. reading time\" \/>\n\t<meta name=\"twitter:data2\" content=\"1 minutua\" \/>\n<script type=\"application\/ld+json\" class=\"yoast-schema-graph\">{\"@context\":\"https:\\\/\\\/schema.org\",\"@graph\":[{\"@type\":\"Article\",\"@id\":\"https:\\\/\\\/sortzen.org\\\/no-estamos-todas-faltan-las-internas\\\/#article\",\"isPartOf\":{\"@id\":\"https:\\\/\\\/sortzen.org\\\/no-estamos-todas-faltan-las-internas\\\/\"},\"author\":{\"name\":\"SortzenEditor\",\"@id\":\"https:\\\/\\\/sortzen.org\\\/#\\\/schema\\\/person\\\/ae19f6202f1109a3151f75b53b61d1a7\"},\"headline\":\"No estamos todas, faltan las internas\",\"datePublished\":\"2019-04-02T14:38:38+00:00\",\"mainEntityOfPage\":{\"@id\":\"https:\\\/\\\/sortzen.org\\\/no-estamos-todas-faltan-las-internas\\\/\"},\"wordCount\":159,\"image\":{\"@id\":\"https:\\\/\\\/sortzen.org\\\/no-estamos-todas-faltan-las-internas\\\/#primaryimage\"},\"thumbnailUrl\":\"https:\\\/\\\/sortzen.org\\\/wp-content\\\/uploads\\\/2019\\\/04\\\/Captura-de-pantalla-2019-04-02-a-las-16.37.32.png\",\"articleSection\":[\"Mujeres migradas\"],\"inLanguage\":\"eu\"},{\"@type\":\"WebPage\",\"@id\":\"https:\\\/\\\/sortzen.org\\\/no-estamos-todas-faltan-las-internas\\\/\",\"url\":\"https:\\\/\\\/sortzen.org\\\/no-estamos-todas-faltan-las-internas\\\/\",\"name\":\"No estamos todas, faltan las internas - Sortzen\",\"isPartOf\":{\"@id\":\"https:\\\/\\\/sortzen.org\\\/#website\"},\"primaryImageOfPage\":{\"@id\":\"https:\\\/\\\/sortzen.org\\\/no-estamos-todas-faltan-las-internas\\\/#primaryimage\"},\"image\":{\"@id\":\"https:\\\/\\\/sortzen.org\\\/no-estamos-todas-faltan-las-internas\\\/#primaryimage\"},\"thumbnailUrl\":\"https:\\\/\\\/sortzen.org\\\/wp-content\\\/uploads\\\/2019\\\/04\\\/Captura-de-pantalla-2019-04-02-a-las-16.37.32.png\",\"datePublished\":\"2019-04-02T14:38:38+00:00\",\"author\":{\"@id\":\"https:\\\/\\\/sortzen.org\\\/#\\\/schema\\\/person\\\/ae19f6202f1109a3151f75b53b61d1a7\"},\"breadcrumb\":{\"@id\":\"https:\\\/\\\/sortzen.org\\\/no-estamos-todas-faltan-las-internas\\\/#breadcrumb\"},\"inLanguage\":\"eu\",\"potentialAction\":[{\"@type\":\"ReadAction\",\"target\":[\"https:\\\/\\\/sortzen.org\\\/no-estamos-todas-faltan-las-internas\\\/\"]}]},{\"@type\":\"ImageObject\",\"inLanguage\":\"eu\",\"@id\":\"https:\\\/\\\/sortzen.org\\\/no-estamos-todas-faltan-las-internas\\\/#primaryimage\",\"url\":\"https:\\\/\\\/sortzen.org\\\/wp-content\\\/uploads\\\/2019\\\/04\\\/Captura-de-pantalla-2019-04-02-a-las-16.37.32.png\",\"contentUrl\":\"https:\\\/\\\/sortzen.org\\\/wp-content\\\/uploads\\\/2019\\\/04\\\/Captura-de-pantalla-2019-04-02-a-las-16.37.32.png\",\"width\":1276,\"height\":774},{\"@type\":\"BreadcrumbList\",\"@id\":\"https:\\\/\\\/sortzen.org\\\/no-estamos-todas-faltan-las-internas\\\/#breadcrumb\",\"itemListElement\":[{\"@type\":\"ListItem\",\"position\":1,\"name\":\"Home\",\"item\":\"https:\\\/\\\/sortzen.org\\\/\"},{\"@type\":\"ListItem\",\"position\":2,\"name\":\"No estamos todas, faltan las internas\"}]},{\"@type\":\"WebSite\",\"@id\":\"https:\\\/\\\/sortzen.org\\\/#website\",\"url\":\"https:\\\/\\\/sortzen.org\\\/\",\"name\":\"Sortzen\",\"description\":\"Consultor\u00eda especializada en la prevenci\u00f3n y atenci\u00f3n de la violencia machista y los procesos de empoderamiento de las mujeres\",\"potentialAction\":[{\"@type\":\"SearchAction\",\"target\":{\"@type\":\"EntryPoint\",\"urlTemplate\":\"https:\\\/\\\/sortzen.org\\\/?s={search_term_string}\"},\"query-input\":{\"@type\":\"PropertyValueSpecification\",\"valueRequired\":true,\"valueName\":\"search_term_string\"}}],\"inLanguage\":\"eu\"},{\"@type\":\"Person\",\"@id\":\"https:\\\/\\\/sortzen.org\\\/#\\\/schema\\\/person\\\/ae19f6202f1109a3151f75b53b61d1a7\",\"name\":\"SortzenEditor\",\"url\":\"https:\\\/\\\/sortzen.org\\\/eu\\\/author\\\/sortzeneditor\\\/\"}]}<\/script>\n<!-- \/ Yoast SEO plugin. -->","yoast_head_json":{"title":"No estamos todas, faltan las internas - Sortzen","robots":{"index":"index","follow":"follow","max-snippet":"max-snippet:-1","max-image-preview":"max-image-preview:large","max-video-preview":"max-video-preview:-1"},"canonical":"https:\/\/sortzen.org\/eu\/no-estamos-todas-faltan-las-internas\/","og_locale":"en_US","og_type":"article","og_title":"No estamos todas, faltan las internas - Sortzen","og_description":"Euskadi, como Espa\u00f1a, est\u00e1 resolviendo su particular crisis de los cuidados importando mano de obra femenina y pobre, fundamentalmente de pa\u00edses hist\u00f3ricamente expoliados.","og_url":"https:\/\/sortzen.org\/eu\/no-estamos-todas-faltan-las-internas\/","og_site_name":"Sortzen","article_published_time":"2019-04-02T14:38:38+00:00","og_image":[{"width":1276,"height":774,"url":"https:\/\/sortzen.org\/wp-content\/uploads\/2019\/04\/Captura-de-pantalla-2019-04-02-a-las-16.37.32.png","type":"image\/png"}],"author":"SortzenEditor","twitter_misc":{"Written by":"SortzenEditor","Est. reading time":"1 minutua"},"schema":{"@context":"https:\/\/schema.org","@graph":[{"@type":"Article","@id":"https:\/\/sortzen.org\/no-estamos-todas-faltan-las-internas\/#article","isPartOf":{"@id":"https:\/\/sortzen.org\/no-estamos-todas-faltan-las-internas\/"},"author":{"name":"SortzenEditor","@id":"https:\/\/sortzen.org\/#\/schema\/person\/ae19f6202f1109a3151f75b53b61d1a7"},"headline":"No estamos todas, faltan las internas","datePublished":"2019-04-02T14:38:38+00:00","mainEntityOfPage":{"@id":"https:\/\/sortzen.org\/no-estamos-todas-faltan-las-internas\/"},"wordCount":159,"image":{"@id":"https:\/\/sortzen.org\/no-estamos-todas-faltan-las-internas\/#primaryimage"},"thumbnailUrl":"https:\/\/sortzen.org\/wp-content\/uploads\/2019\/04\/Captura-de-pantalla-2019-04-02-a-las-16.37.32.png","articleSection":["Mujeres migradas"],"inLanguage":"eu"},{"@type":"WebPage","@id":"https:\/\/sortzen.org\/no-estamos-todas-faltan-las-internas\/","url":"https:\/\/sortzen.org\/no-estamos-todas-faltan-las-internas\/","name":"No estamos todas, faltan las internas - Sortzen","isPartOf":{"@id":"https:\/\/sortzen.org\/#website"},"primaryImageOfPage":{"@id":"https:\/\/sortzen.org\/no-estamos-todas-faltan-las-internas\/#primaryimage"},"image":{"@id":"https:\/\/sortzen.org\/no-estamos-todas-faltan-las-internas\/#primaryimage"},"thumbnailUrl":"https:\/\/sortzen.org\/wp-content\/uploads\/2019\/04\/Captura-de-pantalla-2019-04-02-a-las-16.37.32.png","datePublished":"2019-04-02T14:38:38+00:00","author":{"@id":"https:\/\/sortzen.org\/#\/schema\/person\/ae19f6202f1109a3151f75b53b61d1a7"},"breadcrumb":{"@id":"https:\/\/sortzen.org\/no-estamos-todas-faltan-las-internas\/#breadcrumb"},"inLanguage":"eu","potentialAction":[{"@type":"ReadAction","target":["https:\/\/sortzen.org\/no-estamos-todas-faltan-las-internas\/"]}]},{"@type":"ImageObject","inLanguage":"eu","@id":"https:\/\/sortzen.org\/no-estamos-todas-faltan-las-internas\/#primaryimage","url":"https:\/\/sortzen.org\/wp-content\/uploads\/2019\/04\/Captura-de-pantalla-2019-04-02-a-las-16.37.32.png","contentUrl":"https:\/\/sortzen.org\/wp-content\/uploads\/2019\/04\/Captura-de-pantalla-2019-04-02-a-las-16.37.32.png","width":1276,"height":774},{"@type":"BreadcrumbList","@id":"https:\/\/sortzen.org\/no-estamos-todas-faltan-las-internas\/#breadcrumb","itemListElement":[{"@type":"ListItem","position":1,"name":"Home","item":"https:\/\/sortzen.org\/"},{"@type":"ListItem","position":2,"name":"No estamos todas, faltan las internas"}]},{"@type":"WebSite","@id":"https:\/\/sortzen.org\/#website","url":"https:\/\/sortzen.org\/","name":"Sortzen","description":"Consultor\u00eda especializada en la prevenci\u00f3n y atenci\u00f3n de la violencia machista y los procesos de empoderamiento de las mujeres","potentialAction":[{"@type":"SearchAction","target":{"@type":"EntryPoint","urlTemplate":"https:\/\/sortzen.org\/?s={search_term_string}"},"query-input":{"@type":"PropertyValueSpecification","valueRequired":true,"valueName":"search_term_string"}}],"inLanguage":"eu"},{"@type":"Person","@id":"https:\/\/sortzen.org\/#\/schema\/person\/ae19f6202f1109a3151f75b53b61d1a7","name":"SortzenEditor","url":"https:\/\/sortzen.org\/eu\/author\/sortzeneditor\/"}]}},"jetpack_featured_media_url":"https:\/\/sortzen.org\/wp-content\/uploads\/2019\/04\/Captura-de-pantalla-2019-04-02-a-las-16.37.32.png","_links":{"self":[{"href":"https:\/\/sortzen.org\/eu\/wp-json\/wp\/v2\/posts\/2249","targetHints":{"allow":["GET"]}}],"collection":[{"href":"https:\/\/sortzen.org\/eu\/wp-json\/wp\/v2\/posts"}],"about":[{"href":"https:\/\/sortzen.org\/eu\/wp-json\/wp\/v2\/types\/post"}],"author":[{"embeddable":true,"href":"https:\/\/sortzen.org\/eu\/wp-json\/wp\/v2\/users\/4"}],"replies":[{"embeddable":true,"href":"https:\/\/sortzen.org\/eu\/wp-json\/wp\/v2\/comments?post=2249"}],"version-history":[{"count":0,"href":"https:\/\/sortzen.org\/eu\/wp-json\/wp\/v2\/posts\/2249\/revisions"}],"wp:featuredmedia":[{"embeddable":true,"href":"https:\/\/sortzen.org\/eu\/wp-json\/wp\/v2\/media\/2250"}],"wp:attachment":[{"href":"https:\/\/sortzen.org\/eu\/wp-json\/wp\/v2\/media?parent=2249"}],"wp:term":[{"taxonomy":"category","embeddable":true,"href":"https:\/\/sortzen.org\/eu\/wp-json\/wp\/v2\/categories?post=2249"},{"taxonomy":"post_tag","embeddable":true,"href":"https:\/\/sortzen.org\/eu\/wp-json\/wp\/v2\/tags?post=2249"}],"curies":[{"name":"wp","href":"https:\/\/api.w.org\/{rel}","templated":true}]}}