{"id":2252,"date":"2019-04-02T15:42:35","date_gmt":"2019-04-02T14:42:35","guid":{"rendered":"https:\/\/sortzen.org\/?p=2252"},"modified":"2019-04-02T15:43:31","modified_gmt":"2019-04-02T14:43:31","slug":"el-autismo-tambien-es-cuestion-de-genero-cuando-los-sintomas-se-enmascaran-por-ser-mujer","status":"publish","type":"post","link":"https:\/\/sortzen.org\/eu\/el-autismo-tambien-es-cuestion-de-genero-cuando-los-sintomas-se-enmascaran-por-ser-mujer\/","title":{"rendered":"El autismo tambi\u00e9n es cuesti\u00f3n de g\u00e9nero: cuando los s\u00edntomas se enmascaran por ser mujer"},"content":{"rendered":"<p>Hace tan solo un a\u00f1o que a Isabel le diagnosticaron S\u00edndrome de Asperger, un trastorno del espectro autista. \u00abEs un poco como te sientes, como un extraterrestre.\u00a0<b>Vives como intentando ocultar tus caracter\u00edsticas<\/b>, intentar aparentar ser normal, fingiendo que eres como los dem\u00e1s\u00bb, explica Isabel Garc\u00eda que reivindica que, \u00absi no has recibido un diagn\u00f3stico en la infancia y no te lo han explicado, t\u00fa ves que aquello no encaja pero no sabes por qu\u00e9\u00bb.<\/p>\n<p>En Espa\u00f1a no existen registros oficiales sobre personas con TEA, pero se estima que unas 450.000 podr\u00edan estar diagnosticadas. Por\u00a0<b>cada cuatro casos detectados en hombres, solo se diagnostica uno en mujeres<\/b>.<\/p>\n<p>&nbsp;<\/p>\n<p>Leer m\u00e1s:\u00a0<a href=\"https:\/\/www.lasexta.com\/noticias\/sociedad\/el-autismo-tambien-es-cuestion-de-genero-cuando-los-sintomas-se-enmascaran-por-ser-mujer-video_201903315ca0e8170cf221c68707339a.html?fbclid=IwAR10JnjTZCcJ2NV-nqYyBgySzvXQT1EfDj07ch_wZCWMfyMJNuPs6HYZ1BI\">https:\/\/www.lasexta.com\/noticias\/sociedad\/el-autismo-tambien-es-cuestion-de-genero-cuando-los-sintomas-se-enmascaran-por-ser-mujer-video_201903315ca0e8170cf221c68707339a.html?fbclid=IwAR10JnjTZCcJ2NV-nqYyBgySzvXQT1EfDj07ch_wZCWMfyMJNuPs6HYZ1BI<\/a><\/p>","protected":false},"excerpt":{"rendered":"<p>Se estima que en Espa\u00f1a existen 450.000 personas con Trastorno del Espectro Autista y el diagnostico en hombres es cuatro veces mayor que en las mujeres.<\/p>","protected":false},"author":4,"featured_media":2254,"comment_status":"closed","ping_status":"closed","sticky":false,"template":"","format":"standard","meta":{"footnotes":""},"categories":[46],"tags":[],"class_list":["post-2252","post","type-post","status-publish","format-standard","has-post-thumbnail","hentry","category-violencia-machista"],"yoast_head":"<!-- This site is optimized with the Yoast SEO plugin v27.5 - https:\/\/yoast.com\/product\/yoast-seo-wordpress\/ -->\n<title>El autismo tambi\u00e9n es cuesti\u00f3n de g\u00e9nero: cuando los s\u00edntomas se enmascaran por ser mujer - Sortzen<\/title>\n<meta name=\"robots\" content=\"index, follow, max-snippet:-1, max-image-preview:large, max-video-preview:-1\" \/>\n<link rel=\"canonical\" href=\"https:\/\/sortzen.org\/eu\/el-autismo-tambien-es-cuestion-de-genero-cuando-los-sintomas-se-enmascaran-por-ser-mujer\/\" \/>\n<meta property=\"og:locale\" content=\"en_US\" \/>\n<meta property=\"og:type\" content=\"article\" \/>\n<meta property=\"og:title\" content=\"El autismo tambi\u00e9n es cuesti\u00f3n de g\u00e9nero: cuando los s\u00edntomas se enmascaran por ser mujer - Sortzen\" \/>\n<meta property=\"og:description\" content=\"Se estima que en Espa\u00f1a existen 450.000 personas con Trastorno del Espectro Autista y el diagnostico en hombres es cuatro veces mayor que en las mujeres.\" \/>\n<meta property=\"og:url\" content=\"https:\/\/sortzen.org\/eu\/el-autismo-tambien-es-cuestion-de-genero-cuando-los-sintomas-se-enmascaran-por-ser-mujer\/\" \/>\n<meta property=\"og:site_name\" content=\"Sortzen\" \/>\n<meta property=\"article:published_time\" content=\"2019-04-02T14:42:35+00:00\" \/>\n<meta property=\"article:modified_time\" content=\"2019-04-02T14:43:31+00:00\" \/>\n<meta property=\"og:image\" content=\"https:\/\/sortzen.org\/wp-content\/uploads\/2019\/04\/Captura-de-pantalla-2019-04-02-a-las-16.40.25-1024x594.png\" \/>\n\t<meta property=\"og:image:width\" content=\"1024\" \/>\n\t<meta property=\"og:image:height\" content=\"594\" \/>\n\t<meta property=\"og:image:type\" content=\"image\/png\" \/>\n<meta name=\"author\" content=\"SortzenEditor\" \/>\n<meta name=\"twitter:label1\" content=\"Written by\" \/>\n\t<meta name=\"twitter:data1\" content=\"SortzenEditor\" \/>\n\t<meta name=\"twitter:label2\" content=\"Est. reading time\" \/>\n\t<meta name=\"twitter:data2\" content=\"1 minutua\" \/>\n<script type=\"application\/ld+json\" class=\"yoast-schema-graph\">{\"@context\":\"https:\\\/\\\/schema.org\",\"@graph\":[{\"@type\":\"Article\",\"@id\":\"https:\\\/\\\/sortzen.org\\\/el-autismo-tambien-es-cuestion-de-genero-cuando-los-sintomas-se-enmascaran-por-ser-mujer\\\/#article\",\"isPartOf\":{\"@id\":\"https:\\\/\\\/sortzen.org\\\/el-autismo-tambien-es-cuestion-de-genero-cuando-los-sintomas-se-enmascaran-por-ser-mujer\\\/\"},\"author\":{\"name\":\"SortzenEditor\",\"@id\":\"https:\\\/\\\/sortzen.org\\\/#\\\/schema\\\/person\\\/ae19f6202f1109a3151f75b53b61d1a7\"},\"headline\":\"El autismo tambi\u00e9n es cuesti\u00f3n de g\u00e9nero: cuando los s\u00edntomas se enmascaran por ser mujer\",\"datePublished\":\"2019-04-02T14:42:35+00:00\",\"dateModified\":\"2019-04-02T14:43:31+00:00\",\"mainEntityOfPage\":{\"@id\":\"https:\\\/\\\/sortzen.org\\\/el-autismo-tambien-es-cuestion-de-genero-cuando-los-sintomas-se-enmascaran-por-ser-mujer\\\/\"},\"wordCount\":159,\"image\":{\"@id\":\"https:\\\/\\\/sortzen.org\\\/el-autismo-tambien-es-cuestion-de-genero-cuando-los-sintomas-se-enmascaran-por-ser-mujer\\\/#primaryimage\"},\"thumbnailUrl\":\"https:\\\/\\\/sortzen.org\\\/wp-content\\\/uploads\\\/2019\\\/04\\\/Captura-de-pantalla-2019-04-02-a-las-16.40.25.png\",\"articleSection\":[\"Violencia machista\"],\"inLanguage\":\"eu\"},{\"@type\":\"WebPage\",\"@id\":\"https:\\\/\\\/sortzen.org\\\/el-autismo-tambien-es-cuestion-de-genero-cuando-los-sintomas-se-enmascaran-por-ser-mujer\\\/\",\"url\":\"https:\\\/\\\/sortzen.org\\\/el-autismo-tambien-es-cuestion-de-genero-cuando-los-sintomas-se-enmascaran-por-ser-mujer\\\/\",\"name\":\"El autismo tambi\u00e9n es cuesti\u00f3n de g\u00e9nero: cuando los s\u00edntomas se enmascaran por ser mujer - Sortzen\",\"isPartOf\":{\"@id\":\"https:\\\/\\\/sortzen.org\\\/#website\"},\"primaryImageOfPage\":{\"@id\":\"https:\\\/\\\/sortzen.org\\\/el-autismo-tambien-es-cuestion-de-genero-cuando-los-sintomas-se-enmascaran-por-ser-mujer\\\/#primaryimage\"},\"image\":{\"@id\":\"https:\\\/\\\/sortzen.org\\\/el-autismo-tambien-es-cuestion-de-genero-cuando-los-sintomas-se-enmascaran-por-ser-mujer\\\/#primaryimage\"},\"thumbnailUrl\":\"https:\\\/\\\/sortzen.org\\\/wp-content\\\/uploads\\\/2019\\\/04\\\/Captura-de-pantalla-2019-04-02-a-las-16.40.25.png\",\"datePublished\":\"2019-04-02T14:42:35+00:00\",\"dateModified\":\"2019-04-02T14:43:31+00:00\",\"author\":{\"@id\":\"https:\\\/\\\/sortzen.org\\\/#\\\/schema\\\/person\\\/ae19f6202f1109a3151f75b53b61d1a7\"},\"breadcrumb\":{\"@id\":\"https:\\\/\\\/sortzen.org\\\/el-autismo-tambien-es-cuestion-de-genero-cuando-los-sintomas-se-enmascaran-por-ser-mujer\\\/#breadcrumb\"},\"inLanguage\":\"eu\",\"potentialAction\":[{\"@type\":\"ReadAction\",\"target\":[\"https:\\\/\\\/sortzen.org\\\/el-autismo-tambien-es-cuestion-de-genero-cuando-los-sintomas-se-enmascaran-por-ser-mujer\\\/\"]}]},{\"@type\":\"ImageObject\",\"inLanguage\":\"eu\",\"@id\":\"https:\\\/\\\/sortzen.org\\\/el-autismo-tambien-es-cuestion-de-genero-cuando-los-sintomas-se-enmascaran-por-ser-mujer\\\/#primaryimage\",\"url\":\"https:\\\/\\\/sortzen.org\\\/wp-content\\\/uploads\\\/2019\\\/04\\\/Captura-de-pantalla-2019-04-02-a-las-16.40.25.png\",\"contentUrl\":\"https:\\\/\\\/sortzen.org\\\/wp-content\\\/uploads\\\/2019\\\/04\\\/Captura-de-pantalla-2019-04-02-a-las-16.40.25.png\",\"width\":2040,\"height\":1184},{\"@type\":\"BreadcrumbList\",\"@id\":\"https:\\\/\\\/sortzen.org\\\/el-autismo-tambien-es-cuestion-de-genero-cuando-los-sintomas-se-enmascaran-por-ser-mujer\\\/#breadcrumb\",\"itemListElement\":[{\"@type\":\"ListItem\",\"position\":1,\"name\":\"Home\",\"item\":\"https:\\\/\\\/sortzen.org\\\/\"},{\"@type\":\"ListItem\",\"position\":2,\"name\":\"El autismo tambi\u00e9n es cuesti\u00f3n de g\u00e9nero: cuando los s\u00edntomas se enmascaran por ser mujer\"}]},{\"@type\":\"WebSite\",\"@id\":\"https:\\\/\\\/sortzen.org\\\/#website\",\"url\":\"https:\\\/\\\/sortzen.org\\\/\",\"name\":\"Sortzen\",\"description\":\"Consultor\u00eda especializada en la prevenci\u00f3n y atenci\u00f3n de la violencia machista y los procesos de empoderamiento de las mujeres\",\"potentialAction\":[{\"@type\":\"SearchAction\",\"target\":{\"@type\":\"EntryPoint\",\"urlTemplate\":\"https:\\\/\\\/sortzen.org\\\/?s={search_term_string}\"},\"query-input\":{\"@type\":\"PropertyValueSpecification\",\"valueRequired\":true,\"valueName\":\"search_term_string\"}}],\"inLanguage\":\"eu\"},{\"@type\":\"Person\",\"@id\":\"https:\\\/\\\/sortzen.org\\\/#\\\/schema\\\/person\\\/ae19f6202f1109a3151f75b53b61d1a7\",\"name\":\"SortzenEditor\",\"url\":\"https:\\\/\\\/sortzen.org\\\/eu\\\/author\\\/sortzeneditor\\\/\"}]}<\/script>\n<!-- \/ Yoast SEO plugin. -->","yoast_head_json":{"title":"El autismo tambi\u00e9n es cuesti\u00f3n de g\u00e9nero: cuando los s\u00edntomas se enmascaran por ser mujer - Sortzen","robots":{"index":"index","follow":"follow","max-snippet":"max-snippet:-1","max-image-preview":"max-image-preview:large","max-video-preview":"max-video-preview:-1"},"canonical":"https:\/\/sortzen.org\/eu\/el-autismo-tambien-es-cuestion-de-genero-cuando-los-sintomas-se-enmascaran-por-ser-mujer\/","og_locale":"en_US","og_type":"article","og_title":"El autismo tambi\u00e9n es cuesti\u00f3n de g\u00e9nero: cuando los s\u00edntomas se enmascaran por ser mujer - Sortzen","og_description":"Se estima que en Espa\u00f1a existen 450.000 personas con Trastorno del Espectro Autista y el diagnostico en hombres es cuatro veces mayor que en las mujeres.","og_url":"https:\/\/sortzen.org\/eu\/el-autismo-tambien-es-cuestion-de-genero-cuando-los-sintomas-se-enmascaran-por-ser-mujer\/","og_site_name":"Sortzen","article_published_time":"2019-04-02T14:42:35+00:00","article_modified_time":"2019-04-02T14:43:31+00:00","og_image":[{"width":1024,"height":594,"url":"https:\/\/sortzen.org\/wp-content\/uploads\/2019\/04\/Captura-de-pantalla-2019-04-02-a-las-16.40.25-1024x594.png","type":"image\/png"}],"author":"SortzenEditor","twitter_misc":{"Written by":"SortzenEditor","Est. reading time":"1 minutua"},"schema":{"@context":"https:\/\/schema.org","@graph":[{"@type":"Article","@id":"https:\/\/sortzen.org\/el-autismo-tambien-es-cuestion-de-genero-cuando-los-sintomas-se-enmascaran-por-ser-mujer\/#article","isPartOf":{"@id":"https:\/\/sortzen.org\/el-autismo-tambien-es-cuestion-de-genero-cuando-los-sintomas-se-enmascaran-por-ser-mujer\/"},"author":{"name":"SortzenEditor","@id":"https:\/\/sortzen.org\/#\/schema\/person\/ae19f6202f1109a3151f75b53b61d1a7"},"headline":"El autismo tambi\u00e9n es cuesti\u00f3n de g\u00e9nero: cuando los s\u00edntomas se enmascaran por ser mujer","datePublished":"2019-04-02T14:42:35+00:00","dateModified":"2019-04-02T14:43:31+00:00","mainEntityOfPage":{"@id":"https:\/\/sortzen.org\/el-autismo-tambien-es-cuestion-de-genero-cuando-los-sintomas-se-enmascaran-por-ser-mujer\/"},"wordCount":159,"image":{"@id":"https:\/\/sortzen.org\/el-autismo-tambien-es-cuestion-de-genero-cuando-los-sintomas-se-enmascaran-por-ser-mujer\/#primaryimage"},"thumbnailUrl":"https:\/\/sortzen.org\/wp-content\/uploads\/2019\/04\/Captura-de-pantalla-2019-04-02-a-las-16.40.25.png","articleSection":["Violencia machista"],"inLanguage":"eu"},{"@type":"WebPage","@id":"https:\/\/sortzen.org\/el-autismo-tambien-es-cuestion-de-genero-cuando-los-sintomas-se-enmascaran-por-ser-mujer\/","url":"https:\/\/sortzen.org\/el-autismo-tambien-es-cuestion-de-genero-cuando-los-sintomas-se-enmascaran-por-ser-mujer\/","name":"El autismo tambi\u00e9n es cuesti\u00f3n de g\u00e9nero: cuando los s\u00edntomas se enmascaran por ser mujer - Sortzen","isPartOf":{"@id":"https:\/\/sortzen.org\/#website"},"primaryImageOfPage":{"@id":"https:\/\/sortzen.org\/el-autismo-tambien-es-cuestion-de-genero-cuando-los-sintomas-se-enmascaran-por-ser-mujer\/#primaryimage"},"image":{"@id":"https:\/\/sortzen.org\/el-autismo-tambien-es-cuestion-de-genero-cuando-los-sintomas-se-enmascaran-por-ser-mujer\/#primaryimage"},"thumbnailUrl":"https:\/\/sortzen.org\/wp-content\/uploads\/2019\/04\/Captura-de-pantalla-2019-04-02-a-las-16.40.25.png","datePublished":"2019-04-02T14:42:35+00:00","dateModified":"2019-04-02T14:43:31+00:00","author":{"@id":"https:\/\/sortzen.org\/#\/schema\/person\/ae19f6202f1109a3151f75b53b61d1a7"},"breadcrumb":{"@id":"https:\/\/sortzen.org\/el-autismo-tambien-es-cuestion-de-genero-cuando-los-sintomas-se-enmascaran-por-ser-mujer\/#breadcrumb"},"inLanguage":"eu","potentialAction":[{"@type":"ReadAction","target":["https:\/\/sortzen.org\/el-autismo-tambien-es-cuestion-de-genero-cuando-los-sintomas-se-enmascaran-por-ser-mujer\/"]}]},{"@type":"ImageObject","inLanguage":"eu","@id":"https:\/\/sortzen.org\/el-autismo-tambien-es-cuestion-de-genero-cuando-los-sintomas-se-enmascaran-por-ser-mujer\/#primaryimage","url":"https:\/\/sortzen.org\/wp-content\/uploads\/2019\/04\/Captura-de-pantalla-2019-04-02-a-las-16.40.25.png","contentUrl":"https:\/\/sortzen.org\/wp-content\/uploads\/2019\/04\/Captura-de-pantalla-2019-04-02-a-las-16.40.25.png","width":2040,"height":1184},{"@type":"BreadcrumbList","@id":"https:\/\/sortzen.org\/el-autismo-tambien-es-cuestion-de-genero-cuando-los-sintomas-se-enmascaran-por-ser-mujer\/#breadcrumb","itemListElement":[{"@type":"ListItem","position":1,"name":"Home","item":"https:\/\/sortzen.org\/"},{"@type":"ListItem","position":2,"name":"El autismo tambi\u00e9n es cuesti\u00f3n de g\u00e9nero: cuando los s\u00edntomas se enmascaran por ser mujer"}]},{"@type":"WebSite","@id":"https:\/\/sortzen.org\/#website","url":"https:\/\/sortzen.org\/","name":"Sortzen","description":"Consultor\u00eda especializada en la prevenci\u00f3n y atenci\u00f3n de la violencia machista y los procesos de empoderamiento de las mujeres","potentialAction":[{"@type":"SearchAction","target":{"@type":"EntryPoint","urlTemplate":"https:\/\/sortzen.org\/?s={search_term_string}"},"query-input":{"@type":"PropertyValueSpecification","valueRequired":true,"valueName":"search_term_string"}}],"inLanguage":"eu"},{"@type":"Person","@id":"https:\/\/sortzen.org\/#\/schema\/person\/ae19f6202f1109a3151f75b53b61d1a7","name":"SortzenEditor","url":"https:\/\/sortzen.org\/eu\/author\/sortzeneditor\/"}]}},"jetpack_featured_media_url":"https:\/\/sortzen.org\/wp-content\/uploads\/2019\/04\/Captura-de-pantalla-2019-04-02-a-las-16.40.25.png","_links":{"self":[{"href":"https:\/\/sortzen.org\/eu\/wp-json\/wp\/v2\/posts\/2252","targetHints":{"allow":["GET"]}}],"collection":[{"href":"https:\/\/sortzen.org\/eu\/wp-json\/wp\/v2\/posts"}],"about":[{"href":"https:\/\/sortzen.org\/eu\/wp-json\/wp\/v2\/types\/post"}],"author":[{"embeddable":true,"href":"https:\/\/sortzen.org\/eu\/wp-json\/wp\/v2\/users\/4"}],"replies":[{"embeddable":true,"href":"https:\/\/sortzen.org\/eu\/wp-json\/wp\/v2\/comments?post=2252"}],"version-history":[{"count":0,"href":"https:\/\/sortzen.org\/eu\/wp-json\/wp\/v2\/posts\/2252\/revisions"}],"wp:featuredmedia":[{"embeddable":true,"href":"https:\/\/sortzen.org\/eu\/wp-json\/wp\/v2\/media\/2254"}],"wp:attachment":[{"href":"https:\/\/sortzen.org\/eu\/wp-json\/wp\/v2\/media?parent=2252"}],"wp:term":[{"taxonomy":"category","embeddable":true,"href":"https:\/\/sortzen.org\/eu\/wp-json\/wp\/v2\/categories?post=2252"},{"taxonomy":"post_tag","embeddable":true,"href":"https:\/\/sortzen.org\/eu\/wp-json\/wp\/v2\/tags?post=2252"}],"curies":[{"name":"wp","href":"https:\/\/api.w.org\/{rel}","templated":true}]}}