{"id":2256,"date":"2019-04-02T15:45:42","date_gmt":"2019-04-02T14:45:42","guid":{"rendered":"https:\/\/sortzen.org\/?p=2256"},"modified":"2019-04-02T15:45:42","modified_gmt":"2019-04-02T14:45:42","slug":"condenan-por-abuso-y-no-por-agresion-sexual-a-dos-hombres-que-violaron-por-turnos-a-una-mujer-en-valencia-en-2016","status":"publish","type":"post","link":"https:\/\/sortzen.org\/eu\/condenan-por-abuso-y-no-por-agresion-sexual-a-dos-hombres-que-violaron-por-turnos-a-una-mujer-en-valencia-en-2016\/","title":{"rendered":"Condenan por abuso y no por agresi\u00f3n sexual a dos hombres que violaron por turnos a una mujer en Val\u00e8ncia en 2016"},"content":{"rendered":"<p id=\"m335-334-336\">La Audiencia Provincial de Val\u00e8ncia ha condenado a cuatro a\u00f1os y medio de prisi\u00f3n a dos j\u00f3venes que violaron por turnos a una mujer el 25 de junio de 2016. Los ahora condenados conocieron a la v\u00edctima en la puerta de una discoteca y la\u00a0 llevaron enga\u00f1ada hasta un descampado. Hay\u00a0<b>un tercer condenado<\/b>\u00a0por este caso cuyo papel fue\u00a0<b>colaborar en el enga\u00f1o y presenciar los hechos<\/b>.<\/p>\n<p id=\"m340-1-341\">Seg\u00fan la sentencia, la v\u00edctima se encontraba \u00abconfusa y aturdida\u00bb por la ingesta de alcohol, drogas y medicamentos prescritos por un m\u00e9dico que consum\u00eda para la depresi\u00f3n que padec\u00eda. El tribunal considera a cada uno de los dos hombres que\u00a0 obligaron a la mujer a mantener relaciones sexuales como<b>\u00a0autores de un delito de abuso sexual y cooperadores necesarios en otro de abuso sexual\u00a0<\/b>cometido por el otro. Por ello<b>\u00a0les impone una pena de cuatro a\u00f1os y medio de prisi\u00f3n por cada uno de los dos delitos<\/b>.<\/p>\n<p>&nbsp;<\/p>\n<p>Leer m\u00e1s:\u00a0<a href=\"https:\/\/www.publico.es\/sociedad\/violencia-machista-condenan-abuso-no-agresion-sexual-hombres-violaron-turnos-mujer-valencia-2016.html\">https:\/\/www.publico.es\/sociedad\/violencia-machista-condenan-abuso-no-agresion-sexual-hombres-violaron-turnos-mujer-valencia-2016.html<\/a><\/p>","protected":false},"excerpt":{"rendered":"<p>Tanto la Fiscal\u00eda como la acusaci\u00f3n particular solicitaban que la calificaci\u00f3n del delito fuera de agresi\u00f3n sexual, pero el tribunal considera que \u00abno consta acreditada por parte de los acusados ni violencia ni intimidaci\u00f3n\u00bb, por lo que la condena es sensiblemente menor.<\/p>","protected":false},"author":4,"featured_media":2258,"comment_status":"closed","ping_status":"closed","sticky":false,"template":"","format":"standard","meta":{"footnotes":""},"categories":[46],"tags":[],"class_list":["post-2256","post","type-post","status-publish","format-standard","has-post-thumbnail","hentry","category-violencia-machista"],"yoast_head":"<!-- This site is optimized with the Yoast SEO plugin v27.5 - https:\/\/yoast.com\/product\/yoast-seo-wordpress\/ -->\n<title>Condenan por abuso y no por agresi\u00f3n sexual a dos hombres que violaron por turnos a una mujer en Val\u00e8ncia en 2016 - Sortzen<\/title>\n<meta name=\"robots\" content=\"index, follow, max-snippet:-1, max-image-preview:large, max-video-preview:-1\" \/>\n<link rel=\"canonical\" href=\"https:\/\/sortzen.org\/eu\/condenan-por-abuso-y-no-por-agresion-sexual-a-dos-hombres-que-violaron-por-turnos-a-una-mujer-en-valencia-en-2016\/\" \/>\n<meta property=\"og:locale\" content=\"en_US\" \/>\n<meta property=\"og:type\" content=\"article\" \/>\n<meta property=\"og:title\" content=\"Condenan por abuso y no por agresi\u00f3n sexual a dos hombres que violaron por turnos a una mujer en Val\u00e8ncia en 2016 - Sortzen\" \/>\n<meta property=\"og:description\" content=\"Tanto la Fiscal\u00eda como la acusaci\u00f3n particular solicitaban que la calificaci\u00f3n del delito fuera de agresi\u00f3n sexual, pero el tribunal considera que &quot;no consta acreditada por parte de los acusados ni violencia ni intimidaci\u00f3n&quot;, por lo que la condena es sensiblemente menor.\" \/>\n<meta property=\"og:url\" content=\"https:\/\/sortzen.org\/eu\/condenan-por-abuso-y-no-por-agresion-sexual-a-dos-hombres-que-violaron-por-turnos-a-una-mujer-en-valencia-en-2016\/\" \/>\n<meta property=\"og:site_name\" content=\"Sortzen\" \/>\n<meta property=\"article:published_time\" content=\"2019-04-02T14:45:42+00:00\" \/>\n<meta property=\"og:image\" content=\"https:\/\/sortzen.org\/wp-content\/uploads\/2019\/04\/Captura-de-pantalla-2019-04-02-a-las-16.45.07.png\" \/>\n\t<meta property=\"og:image:width\" content=\"1318\" \/>\n\t<meta property=\"og:image:height\" content=\"728\" \/>\n\t<meta property=\"og:image:type\" content=\"image\/png\" \/>\n<meta name=\"author\" content=\"SortzenEditor\" \/>\n<meta name=\"twitter:label1\" content=\"Written by\" \/>\n\t<meta name=\"twitter:data1\" content=\"SortzenEditor\" \/>\n\t<meta name=\"twitter:label2\" content=\"Est. reading time\" \/>\n\t<meta name=\"twitter:data2\" content=\"1 minutua\" \/>\n<script type=\"application\/ld+json\" class=\"yoast-schema-graph\">{\"@context\":\"https:\\\/\\\/schema.org\",\"@graph\":[{\"@type\":\"Article\",\"@id\":\"https:\\\/\\\/sortzen.org\\\/condenan-por-abuso-y-no-por-agresion-sexual-a-dos-hombres-que-violaron-por-turnos-a-una-mujer-en-valencia-en-2016\\\/#article\",\"isPartOf\":{\"@id\":\"https:\\\/\\\/sortzen.org\\\/condenan-por-abuso-y-no-por-agresion-sexual-a-dos-hombres-que-violaron-por-turnos-a-una-mujer-en-valencia-en-2016\\\/\"},\"author\":{\"name\":\"SortzenEditor\",\"@id\":\"https:\\\/\\\/sortzen.org\\\/#\\\/schema\\\/person\\\/ae19f6202f1109a3151f75b53b61d1a7\"},\"headline\":\"Condenan por abuso y no por agresi\u00f3n sexual a dos hombres que violaron por turnos a una mujer en Val\u00e8ncia en 2016\",\"datePublished\":\"2019-04-02T14:45:42+00:00\",\"mainEntityOfPage\":{\"@id\":\"https:\\\/\\\/sortzen.org\\\/condenan-por-abuso-y-no-por-agresion-sexual-a-dos-hombres-que-violaron-por-turnos-a-una-mujer-en-valencia-en-2016\\\/\"},\"wordCount\":203,\"image\":{\"@id\":\"https:\\\/\\\/sortzen.org\\\/condenan-por-abuso-y-no-por-agresion-sexual-a-dos-hombres-que-violaron-por-turnos-a-una-mujer-en-valencia-en-2016\\\/#primaryimage\"},\"thumbnailUrl\":\"https:\\\/\\\/sortzen.org\\\/wp-content\\\/uploads\\\/2019\\\/04\\\/Captura-de-pantalla-2019-04-02-a-las-16.45.07.png\",\"articleSection\":[\"Violencia machista\"],\"inLanguage\":\"eu\"},{\"@type\":\"WebPage\",\"@id\":\"https:\\\/\\\/sortzen.org\\\/condenan-por-abuso-y-no-por-agresion-sexual-a-dos-hombres-que-violaron-por-turnos-a-una-mujer-en-valencia-en-2016\\\/\",\"url\":\"https:\\\/\\\/sortzen.org\\\/condenan-por-abuso-y-no-por-agresion-sexual-a-dos-hombres-que-violaron-por-turnos-a-una-mujer-en-valencia-en-2016\\\/\",\"name\":\"Condenan por abuso y no por agresi\u00f3n sexual a dos hombres que violaron por turnos a una mujer en Val\u00e8ncia en 2016 - Sortzen\",\"isPartOf\":{\"@id\":\"https:\\\/\\\/sortzen.org\\\/#website\"},\"primaryImageOfPage\":{\"@id\":\"https:\\\/\\\/sortzen.org\\\/condenan-por-abuso-y-no-por-agresion-sexual-a-dos-hombres-que-violaron-por-turnos-a-una-mujer-en-valencia-en-2016\\\/#primaryimage\"},\"image\":{\"@id\":\"https:\\\/\\\/sortzen.org\\\/condenan-por-abuso-y-no-por-agresion-sexual-a-dos-hombres-que-violaron-por-turnos-a-una-mujer-en-valencia-en-2016\\\/#primaryimage\"},\"thumbnailUrl\":\"https:\\\/\\\/sortzen.org\\\/wp-content\\\/uploads\\\/2019\\\/04\\\/Captura-de-pantalla-2019-04-02-a-las-16.45.07.png\",\"datePublished\":\"2019-04-02T14:45:42+00:00\",\"author\":{\"@id\":\"https:\\\/\\\/sortzen.org\\\/#\\\/schema\\\/person\\\/ae19f6202f1109a3151f75b53b61d1a7\"},\"breadcrumb\":{\"@id\":\"https:\\\/\\\/sortzen.org\\\/condenan-por-abuso-y-no-por-agresion-sexual-a-dos-hombres-que-violaron-por-turnos-a-una-mujer-en-valencia-en-2016\\\/#breadcrumb\"},\"inLanguage\":\"eu\",\"potentialAction\":[{\"@type\":\"ReadAction\",\"target\":[\"https:\\\/\\\/sortzen.org\\\/condenan-por-abuso-y-no-por-agresion-sexual-a-dos-hombres-que-violaron-por-turnos-a-una-mujer-en-valencia-en-2016\\\/\"]}]},{\"@type\":\"ImageObject\",\"inLanguage\":\"eu\",\"@id\":\"https:\\\/\\\/sortzen.org\\\/condenan-por-abuso-y-no-por-agresion-sexual-a-dos-hombres-que-violaron-por-turnos-a-una-mujer-en-valencia-en-2016\\\/#primaryimage\",\"url\":\"https:\\\/\\\/sortzen.org\\\/wp-content\\\/uploads\\\/2019\\\/04\\\/Captura-de-pantalla-2019-04-02-a-las-16.45.07.png\",\"contentUrl\":\"https:\\\/\\\/sortzen.org\\\/wp-content\\\/uploads\\\/2019\\\/04\\\/Captura-de-pantalla-2019-04-02-a-las-16.45.07.png\",\"width\":1318,\"height\":728},{\"@type\":\"BreadcrumbList\",\"@id\":\"https:\\\/\\\/sortzen.org\\\/condenan-por-abuso-y-no-por-agresion-sexual-a-dos-hombres-que-violaron-por-turnos-a-una-mujer-en-valencia-en-2016\\\/#breadcrumb\",\"itemListElement\":[{\"@type\":\"ListItem\",\"position\":1,\"name\":\"Home\",\"item\":\"https:\\\/\\\/sortzen.org\\\/\"},{\"@type\":\"ListItem\",\"position\":2,\"name\":\"Condenan por abuso y no por agresi\u00f3n sexual a dos hombres que violaron por turnos a una mujer en Val\u00e8ncia en 2016\"}]},{\"@type\":\"WebSite\",\"@id\":\"https:\\\/\\\/sortzen.org\\\/#website\",\"url\":\"https:\\\/\\\/sortzen.org\\\/\",\"name\":\"Sortzen\",\"description\":\"Consultor\u00eda especializada en la prevenci\u00f3n y atenci\u00f3n de la violencia machista y los procesos de empoderamiento de las mujeres\",\"potentialAction\":[{\"@type\":\"SearchAction\",\"target\":{\"@type\":\"EntryPoint\",\"urlTemplate\":\"https:\\\/\\\/sortzen.org\\\/?s={search_term_string}\"},\"query-input\":{\"@type\":\"PropertyValueSpecification\",\"valueRequired\":true,\"valueName\":\"search_term_string\"}}],\"inLanguage\":\"eu\"},{\"@type\":\"Person\",\"@id\":\"https:\\\/\\\/sortzen.org\\\/#\\\/schema\\\/person\\\/ae19f6202f1109a3151f75b53b61d1a7\",\"name\":\"SortzenEditor\",\"url\":\"https:\\\/\\\/sortzen.org\\\/eu\\\/author\\\/sortzeneditor\\\/\"}]}<\/script>\n<!-- \/ Yoast SEO plugin. -->","yoast_head_json":{"title":"Condenan por abuso y no por agresi\u00f3n sexual a dos hombres que violaron por turnos a una mujer en Val\u00e8ncia en 2016 - Sortzen","robots":{"index":"index","follow":"follow","max-snippet":"max-snippet:-1","max-image-preview":"max-image-preview:large","max-video-preview":"max-video-preview:-1"},"canonical":"https:\/\/sortzen.org\/eu\/condenan-por-abuso-y-no-por-agresion-sexual-a-dos-hombres-que-violaron-por-turnos-a-una-mujer-en-valencia-en-2016\/","og_locale":"en_US","og_type":"article","og_title":"Condenan por abuso y no por agresi\u00f3n sexual a dos hombres que violaron por turnos a una mujer en Val\u00e8ncia en 2016 - Sortzen","og_description":"Tanto la Fiscal\u00eda como la acusaci\u00f3n particular solicitaban que la calificaci\u00f3n del delito fuera de agresi\u00f3n sexual, pero el tribunal considera que \"no consta acreditada por parte de los acusados ni violencia ni intimidaci\u00f3n\", por lo que la condena es sensiblemente menor.","og_url":"https:\/\/sortzen.org\/eu\/condenan-por-abuso-y-no-por-agresion-sexual-a-dos-hombres-que-violaron-por-turnos-a-una-mujer-en-valencia-en-2016\/","og_site_name":"Sortzen","article_published_time":"2019-04-02T14:45:42+00:00","og_image":[{"width":1318,"height":728,"url":"https:\/\/sortzen.org\/wp-content\/uploads\/2019\/04\/Captura-de-pantalla-2019-04-02-a-las-16.45.07.png","type":"image\/png"}],"author":"SortzenEditor","twitter_misc":{"Written by":"SortzenEditor","Est. reading time":"1 minutua"},"schema":{"@context":"https:\/\/schema.org","@graph":[{"@type":"Article","@id":"https:\/\/sortzen.org\/condenan-por-abuso-y-no-por-agresion-sexual-a-dos-hombres-que-violaron-por-turnos-a-una-mujer-en-valencia-en-2016\/#article","isPartOf":{"@id":"https:\/\/sortzen.org\/condenan-por-abuso-y-no-por-agresion-sexual-a-dos-hombres-que-violaron-por-turnos-a-una-mujer-en-valencia-en-2016\/"},"author":{"name":"SortzenEditor","@id":"https:\/\/sortzen.org\/#\/schema\/person\/ae19f6202f1109a3151f75b53b61d1a7"},"headline":"Condenan por abuso y no por agresi\u00f3n sexual a dos hombres que violaron por turnos a una mujer en Val\u00e8ncia en 2016","datePublished":"2019-04-02T14:45:42+00:00","mainEntityOfPage":{"@id":"https:\/\/sortzen.org\/condenan-por-abuso-y-no-por-agresion-sexual-a-dos-hombres-que-violaron-por-turnos-a-una-mujer-en-valencia-en-2016\/"},"wordCount":203,"image":{"@id":"https:\/\/sortzen.org\/condenan-por-abuso-y-no-por-agresion-sexual-a-dos-hombres-que-violaron-por-turnos-a-una-mujer-en-valencia-en-2016\/#primaryimage"},"thumbnailUrl":"https:\/\/sortzen.org\/wp-content\/uploads\/2019\/04\/Captura-de-pantalla-2019-04-02-a-las-16.45.07.png","articleSection":["Violencia machista"],"inLanguage":"eu"},{"@type":"WebPage","@id":"https:\/\/sortzen.org\/condenan-por-abuso-y-no-por-agresion-sexual-a-dos-hombres-que-violaron-por-turnos-a-una-mujer-en-valencia-en-2016\/","url":"https:\/\/sortzen.org\/condenan-por-abuso-y-no-por-agresion-sexual-a-dos-hombres-que-violaron-por-turnos-a-una-mujer-en-valencia-en-2016\/","name":"Condenan por abuso y no por agresi\u00f3n sexual a dos hombres que violaron por turnos a una mujer en Val\u00e8ncia en 2016 - Sortzen","isPartOf":{"@id":"https:\/\/sortzen.org\/#website"},"primaryImageOfPage":{"@id":"https:\/\/sortzen.org\/condenan-por-abuso-y-no-por-agresion-sexual-a-dos-hombres-que-violaron-por-turnos-a-una-mujer-en-valencia-en-2016\/#primaryimage"},"image":{"@id":"https:\/\/sortzen.org\/condenan-por-abuso-y-no-por-agresion-sexual-a-dos-hombres-que-violaron-por-turnos-a-una-mujer-en-valencia-en-2016\/#primaryimage"},"thumbnailUrl":"https:\/\/sortzen.org\/wp-content\/uploads\/2019\/04\/Captura-de-pantalla-2019-04-02-a-las-16.45.07.png","datePublished":"2019-04-02T14:45:42+00:00","author":{"@id":"https:\/\/sortzen.org\/#\/schema\/person\/ae19f6202f1109a3151f75b53b61d1a7"},"breadcrumb":{"@id":"https:\/\/sortzen.org\/condenan-por-abuso-y-no-por-agresion-sexual-a-dos-hombres-que-violaron-por-turnos-a-una-mujer-en-valencia-en-2016\/#breadcrumb"},"inLanguage":"eu","potentialAction":[{"@type":"ReadAction","target":["https:\/\/sortzen.org\/condenan-por-abuso-y-no-por-agresion-sexual-a-dos-hombres-que-violaron-por-turnos-a-una-mujer-en-valencia-en-2016\/"]}]},{"@type":"ImageObject","inLanguage":"eu","@id":"https:\/\/sortzen.org\/condenan-por-abuso-y-no-por-agresion-sexual-a-dos-hombres-que-violaron-por-turnos-a-una-mujer-en-valencia-en-2016\/#primaryimage","url":"https:\/\/sortzen.org\/wp-content\/uploads\/2019\/04\/Captura-de-pantalla-2019-04-02-a-las-16.45.07.png","contentUrl":"https:\/\/sortzen.org\/wp-content\/uploads\/2019\/04\/Captura-de-pantalla-2019-04-02-a-las-16.45.07.png","width":1318,"height":728},{"@type":"BreadcrumbList","@id":"https:\/\/sortzen.org\/condenan-por-abuso-y-no-por-agresion-sexual-a-dos-hombres-que-violaron-por-turnos-a-una-mujer-en-valencia-en-2016\/#breadcrumb","itemListElement":[{"@type":"ListItem","position":1,"name":"Home","item":"https:\/\/sortzen.org\/"},{"@type":"ListItem","position":2,"name":"Condenan por abuso y no por agresi\u00f3n sexual a dos hombres que violaron por turnos a una mujer en Val\u00e8ncia en 2016"}]},{"@type":"WebSite","@id":"https:\/\/sortzen.org\/#website","url":"https:\/\/sortzen.org\/","name":"Sortzen","description":"Consultor\u00eda especializada en la prevenci\u00f3n y atenci\u00f3n de la violencia machista y los procesos de empoderamiento de las mujeres","potentialAction":[{"@type":"SearchAction","target":{"@type":"EntryPoint","urlTemplate":"https:\/\/sortzen.org\/?s={search_term_string}"},"query-input":{"@type":"PropertyValueSpecification","valueRequired":true,"valueName":"search_term_string"}}],"inLanguage":"eu"},{"@type":"Person","@id":"https:\/\/sortzen.org\/#\/schema\/person\/ae19f6202f1109a3151f75b53b61d1a7","name":"SortzenEditor","url":"https:\/\/sortzen.org\/eu\/author\/sortzeneditor\/"}]}},"jetpack_featured_media_url":"https:\/\/sortzen.org\/wp-content\/uploads\/2019\/04\/Captura-de-pantalla-2019-04-02-a-las-16.45.07.png","_links":{"self":[{"href":"https:\/\/sortzen.org\/eu\/wp-json\/wp\/v2\/posts\/2256","targetHints":{"allow":["GET"]}}],"collection":[{"href":"https:\/\/sortzen.org\/eu\/wp-json\/wp\/v2\/posts"}],"about":[{"href":"https:\/\/sortzen.org\/eu\/wp-json\/wp\/v2\/types\/post"}],"author":[{"embeddable":true,"href":"https:\/\/sortzen.org\/eu\/wp-json\/wp\/v2\/users\/4"}],"replies":[{"embeddable":true,"href":"https:\/\/sortzen.org\/eu\/wp-json\/wp\/v2\/comments?post=2256"}],"version-history":[{"count":0,"href":"https:\/\/sortzen.org\/eu\/wp-json\/wp\/v2\/posts\/2256\/revisions"}],"wp:featuredmedia":[{"embeddable":true,"href":"https:\/\/sortzen.org\/eu\/wp-json\/wp\/v2\/media\/2258"}],"wp:attachment":[{"href":"https:\/\/sortzen.org\/eu\/wp-json\/wp\/v2\/media?parent=2256"}],"wp:term":[{"taxonomy":"category","embeddable":true,"href":"https:\/\/sortzen.org\/eu\/wp-json\/wp\/v2\/categories?post=2256"},{"taxonomy":"post_tag","embeddable":true,"href":"https:\/\/sortzen.org\/eu\/wp-json\/wp\/v2\/tags?post=2256"}],"curies":[{"name":"wp","href":"https:\/\/api.w.org\/{rel}","templated":true}]}}