{"id":2335,"date":"2019-05-15T19:12:45","date_gmt":"2019-05-15T18:12:45","guid":{"rendered":"https:\/\/sortzen.org\/?p=2335"},"modified":"2019-05-15T19:13:16","modified_gmt":"2019-05-15T18:13:16","slug":"sheila-heti-dejen-de-preguntar-a-las-mujeres-que-no-tienen-hijos-por-que-no-los-tienen","status":"publish","type":"post","link":"https:\/\/sortzen.org\/eu\/sheila-heti-dejen-de-preguntar-a-las-mujeres-que-no-tienen-hijos-por-que-no-los-tienen\/","title":{"rendered":"Sheila Heti: \u201cDejen de preguntar a las mujeres que no tienen hijos por qu\u00e9 no los tienen\u201d"},"content":{"rendered":"<p>La escritora canadiense Sheila Heti se mueve con agilidad en sus novelas en esa frontera invisible que separa la ficci\u00f3n de la autobiograf\u00eda.\u00a0<em>Maternidad\u00a0<\/em>(Lumen) es un nuevo ejemplo de su habilidad como funambulista: uno lee la novela como biogr\u00e1fica, pero no sabr\u00eda discernir donde acaba la realidad y donde empieza la ficci\u00f3n. Sea como sea, Heti ha revolucionado la literatura de maternidad con una novela que, seg\u00fan afirma, da voz a un tipo de mujer que hasta ahora no se hab\u00eda visto representada: la que decide no tener hijos. Una mujer que carga con el estigma de \u201cego\u00edsta, hedonista o desconsiderada\u201d y con el supuesto maleficio del arrepentimiento futuro.<\/p>\n<p>Leer m\u00e1s:\u00a0<a href=\"https:\/\/elpais.com\/elpais\/2019\/04\/26\/mamas_papas\/1556264752_630548.amp.html?__twitter_impression=true\">https:\/\/elpais.com\/elpais\/2019\/04\/26\/mamas_papas\/1556264752_630548.amp.html?__twitter_impression=true<\/a><\/p>","protected":false},"excerpt":{"rendered":"<p>La escritora canadiense Sheila Heti se mueve con agilidad en sus novelas en esa frontera invisible que separa la ficci\u00f3n de la autobiograf\u00eda. Maternidad (Lumen) es un nuevo ejemplo de su habilidad como funambulista: uno lee la novela como biogr\u00e1fica, pero no sabr\u00eda discernir donde acaba la realidad y donde empieza la ficci\u00f3n. <\/p>","protected":false},"author":4,"featured_media":2337,"comment_status":"closed","ping_status":"closed","sticky":false,"template":"","format":"standard","meta":{"footnotes":""},"categories":[46],"tags":[],"class_list":["post-2335","post","type-post","status-publish","format-standard","has-post-thumbnail","hentry","category-violencia-machista"],"yoast_head":"<!-- This site is optimized with the Yoast SEO plugin v27.5 - https:\/\/yoast.com\/product\/yoast-seo-wordpress\/ -->\n<title>Sheila Heti: \u201cDejen de preguntar a las mujeres que no tienen hijos por qu\u00e9 no los tienen\u201d - Sortzen<\/title>\n<meta name=\"robots\" content=\"index, follow, max-snippet:-1, max-image-preview:large, max-video-preview:-1\" \/>\n<link rel=\"canonical\" href=\"https:\/\/sortzen.org\/eu\/sheila-heti-dejen-de-preguntar-a-las-mujeres-que-no-tienen-hijos-por-que-no-los-tienen\/\" \/>\n<meta property=\"og:locale\" content=\"en_US\" \/>\n<meta property=\"og:type\" content=\"article\" \/>\n<meta property=\"og:title\" content=\"Sheila Heti: \u201cDejen de preguntar a las mujeres que no tienen hijos por qu\u00e9 no los tienen\u201d - Sortzen\" \/>\n<meta property=\"og:description\" content=\"La escritora canadiense Sheila Heti se mueve con agilidad en sus novelas en esa frontera invisible que separa la ficci\u00f3n de la autobiograf\u00eda. Maternidad (Lumen) es un nuevo ejemplo de su habilidad como funambulista: uno lee la novela como biogr\u00e1fica, pero no sabr\u00eda discernir donde acaba la realidad y donde empieza la ficci\u00f3n.\" \/>\n<meta property=\"og:url\" content=\"https:\/\/sortzen.org\/eu\/sheila-heti-dejen-de-preguntar-a-las-mujeres-que-no-tienen-hijos-por-que-no-los-tienen\/\" \/>\n<meta property=\"og:site_name\" content=\"Sortzen\" \/>\n<meta property=\"article:published_time\" content=\"2019-05-15T18:12:45+00:00\" \/>\n<meta property=\"article:modified_time\" content=\"2019-05-15T18:13:16+00:00\" \/>\n<meta property=\"og:image\" content=\"https:\/\/sortzen.org\/wp-content\/uploads\/2019\/05\/Captura-de-pantalla-2019-05-15-a-las-20.12.53.png\" \/>\n\t<meta property=\"og:image:width\" content=\"964\" \/>\n\t<meta property=\"og:image:height\" content=\"634\" \/>\n\t<meta property=\"og:image:type\" content=\"image\/png\" \/>\n<meta name=\"author\" content=\"SortzenEditor\" \/>\n<meta name=\"twitter:label1\" content=\"Written by\" \/>\n\t<meta name=\"twitter:data1\" content=\"SortzenEditor\" \/>\n\t<meta name=\"twitter:label2\" content=\"Est. reading time\" \/>\n\t<meta name=\"twitter:data2\" content=\"1 minutua\" \/>\n<script type=\"application\/ld+json\" class=\"yoast-schema-graph\">{\"@context\":\"https:\\\/\\\/schema.org\",\"@graph\":[{\"@type\":\"Article\",\"@id\":\"https:\\\/\\\/sortzen.org\\\/sheila-heti-dejen-de-preguntar-a-las-mujeres-que-no-tienen-hijos-por-que-no-los-tienen\\\/#article\",\"isPartOf\":{\"@id\":\"https:\\\/\\\/sortzen.org\\\/sheila-heti-dejen-de-preguntar-a-las-mujeres-que-no-tienen-hijos-por-que-no-los-tienen\\\/\"},\"author\":{\"name\":\"SortzenEditor\",\"@id\":\"https:\\\/\\\/sortzen.org\\\/#\\\/schema\\\/person\\\/ae19f6202f1109a3151f75b53b61d1a7\"},\"headline\":\"Sheila Heti: \u201cDejen de preguntar a las mujeres que no tienen hijos por qu\u00e9 no los tienen\u201d\",\"datePublished\":\"2019-05-15T18:12:45+00:00\",\"dateModified\":\"2019-05-15T18:13:16+00:00\",\"mainEntityOfPage\":{\"@id\":\"https:\\\/\\\/sortzen.org\\\/sheila-heti-dejen-de-preguntar-a-las-mujeres-que-no-tienen-hijos-por-que-no-los-tienen\\\/\"},\"wordCount\":149,\"image\":{\"@id\":\"https:\\\/\\\/sortzen.org\\\/sheila-heti-dejen-de-preguntar-a-las-mujeres-que-no-tienen-hijos-por-que-no-los-tienen\\\/#primaryimage\"},\"thumbnailUrl\":\"https:\\\/\\\/sortzen.org\\\/wp-content\\\/uploads\\\/2019\\\/05\\\/Captura-de-pantalla-2019-05-15-a-las-20.12.53.png\",\"articleSection\":[\"Violencia machista\"],\"inLanguage\":\"eu\"},{\"@type\":\"WebPage\",\"@id\":\"https:\\\/\\\/sortzen.org\\\/sheila-heti-dejen-de-preguntar-a-las-mujeres-que-no-tienen-hijos-por-que-no-los-tienen\\\/\",\"url\":\"https:\\\/\\\/sortzen.org\\\/sheila-heti-dejen-de-preguntar-a-las-mujeres-que-no-tienen-hijos-por-que-no-los-tienen\\\/\",\"name\":\"Sheila Heti: \u201cDejen de preguntar a las mujeres que no tienen hijos por qu\u00e9 no los tienen\u201d - Sortzen\",\"isPartOf\":{\"@id\":\"https:\\\/\\\/sortzen.org\\\/#website\"},\"primaryImageOfPage\":{\"@id\":\"https:\\\/\\\/sortzen.org\\\/sheila-heti-dejen-de-preguntar-a-las-mujeres-que-no-tienen-hijos-por-que-no-los-tienen\\\/#primaryimage\"},\"image\":{\"@id\":\"https:\\\/\\\/sortzen.org\\\/sheila-heti-dejen-de-preguntar-a-las-mujeres-que-no-tienen-hijos-por-que-no-los-tienen\\\/#primaryimage\"},\"thumbnailUrl\":\"https:\\\/\\\/sortzen.org\\\/wp-content\\\/uploads\\\/2019\\\/05\\\/Captura-de-pantalla-2019-05-15-a-las-20.12.53.png\",\"datePublished\":\"2019-05-15T18:12:45+00:00\",\"dateModified\":\"2019-05-15T18:13:16+00:00\",\"author\":{\"@id\":\"https:\\\/\\\/sortzen.org\\\/#\\\/schema\\\/person\\\/ae19f6202f1109a3151f75b53b61d1a7\"},\"breadcrumb\":{\"@id\":\"https:\\\/\\\/sortzen.org\\\/sheila-heti-dejen-de-preguntar-a-las-mujeres-que-no-tienen-hijos-por-que-no-los-tienen\\\/#breadcrumb\"},\"inLanguage\":\"eu\",\"potentialAction\":[{\"@type\":\"ReadAction\",\"target\":[\"https:\\\/\\\/sortzen.org\\\/sheila-heti-dejen-de-preguntar-a-las-mujeres-que-no-tienen-hijos-por-que-no-los-tienen\\\/\"]}]},{\"@type\":\"ImageObject\",\"inLanguage\":\"eu\",\"@id\":\"https:\\\/\\\/sortzen.org\\\/sheila-heti-dejen-de-preguntar-a-las-mujeres-que-no-tienen-hijos-por-que-no-los-tienen\\\/#primaryimage\",\"url\":\"https:\\\/\\\/sortzen.org\\\/wp-content\\\/uploads\\\/2019\\\/05\\\/Captura-de-pantalla-2019-05-15-a-las-20.12.53.png\",\"contentUrl\":\"https:\\\/\\\/sortzen.org\\\/wp-content\\\/uploads\\\/2019\\\/05\\\/Captura-de-pantalla-2019-05-15-a-las-20.12.53.png\",\"width\":964,\"height\":634},{\"@type\":\"BreadcrumbList\",\"@id\":\"https:\\\/\\\/sortzen.org\\\/sheila-heti-dejen-de-preguntar-a-las-mujeres-que-no-tienen-hijos-por-que-no-los-tienen\\\/#breadcrumb\",\"itemListElement\":[{\"@type\":\"ListItem\",\"position\":1,\"name\":\"Home\",\"item\":\"https:\\\/\\\/sortzen.org\\\/\"},{\"@type\":\"ListItem\",\"position\":2,\"name\":\"Sheila Heti: \u201cDejen de preguntar a las mujeres que no tienen hijos por qu\u00e9 no los tienen\u201d\"}]},{\"@type\":\"WebSite\",\"@id\":\"https:\\\/\\\/sortzen.org\\\/#website\",\"url\":\"https:\\\/\\\/sortzen.org\\\/\",\"name\":\"Sortzen\",\"description\":\"Consultor\u00eda especializada en la prevenci\u00f3n y atenci\u00f3n de la violencia machista y los procesos de empoderamiento de las mujeres\",\"potentialAction\":[{\"@type\":\"SearchAction\",\"target\":{\"@type\":\"EntryPoint\",\"urlTemplate\":\"https:\\\/\\\/sortzen.org\\\/?s={search_term_string}\"},\"query-input\":{\"@type\":\"PropertyValueSpecification\",\"valueRequired\":true,\"valueName\":\"search_term_string\"}}],\"inLanguage\":\"eu\"},{\"@type\":\"Person\",\"@id\":\"https:\\\/\\\/sortzen.org\\\/#\\\/schema\\\/person\\\/ae19f6202f1109a3151f75b53b61d1a7\",\"name\":\"SortzenEditor\",\"url\":\"https:\\\/\\\/sortzen.org\\\/eu\\\/author\\\/sortzeneditor\\\/\"}]}<\/script>\n<!-- \/ Yoast SEO plugin. -->","yoast_head_json":{"title":"Sheila Heti: \u201cDejen de preguntar a las mujeres que no tienen hijos por qu\u00e9 no los tienen\u201d - Sortzen","robots":{"index":"index","follow":"follow","max-snippet":"max-snippet:-1","max-image-preview":"max-image-preview:large","max-video-preview":"max-video-preview:-1"},"canonical":"https:\/\/sortzen.org\/eu\/sheila-heti-dejen-de-preguntar-a-las-mujeres-que-no-tienen-hijos-por-que-no-los-tienen\/","og_locale":"en_US","og_type":"article","og_title":"Sheila Heti: \u201cDejen de preguntar a las mujeres que no tienen hijos por qu\u00e9 no los tienen\u201d - Sortzen","og_description":"La escritora canadiense Sheila Heti se mueve con agilidad en sus novelas en esa frontera invisible que separa la ficci\u00f3n de la autobiograf\u00eda. Maternidad (Lumen) es un nuevo ejemplo de su habilidad como funambulista: uno lee la novela como biogr\u00e1fica, pero no sabr\u00eda discernir donde acaba la realidad y donde empieza la ficci\u00f3n.","og_url":"https:\/\/sortzen.org\/eu\/sheila-heti-dejen-de-preguntar-a-las-mujeres-que-no-tienen-hijos-por-que-no-los-tienen\/","og_site_name":"Sortzen","article_published_time":"2019-05-15T18:12:45+00:00","article_modified_time":"2019-05-15T18:13:16+00:00","og_image":[{"width":964,"height":634,"url":"https:\/\/sortzen.org\/wp-content\/uploads\/2019\/05\/Captura-de-pantalla-2019-05-15-a-las-20.12.53.png","type":"image\/png"}],"author":"SortzenEditor","twitter_misc":{"Written by":"SortzenEditor","Est. reading time":"1 minutua"},"schema":{"@context":"https:\/\/schema.org","@graph":[{"@type":"Article","@id":"https:\/\/sortzen.org\/sheila-heti-dejen-de-preguntar-a-las-mujeres-que-no-tienen-hijos-por-que-no-los-tienen\/#article","isPartOf":{"@id":"https:\/\/sortzen.org\/sheila-heti-dejen-de-preguntar-a-las-mujeres-que-no-tienen-hijos-por-que-no-los-tienen\/"},"author":{"name":"SortzenEditor","@id":"https:\/\/sortzen.org\/#\/schema\/person\/ae19f6202f1109a3151f75b53b61d1a7"},"headline":"Sheila Heti: \u201cDejen de preguntar a las mujeres que no tienen hijos por qu\u00e9 no los tienen\u201d","datePublished":"2019-05-15T18:12:45+00:00","dateModified":"2019-05-15T18:13:16+00:00","mainEntityOfPage":{"@id":"https:\/\/sortzen.org\/sheila-heti-dejen-de-preguntar-a-las-mujeres-que-no-tienen-hijos-por-que-no-los-tienen\/"},"wordCount":149,"image":{"@id":"https:\/\/sortzen.org\/sheila-heti-dejen-de-preguntar-a-las-mujeres-que-no-tienen-hijos-por-que-no-los-tienen\/#primaryimage"},"thumbnailUrl":"https:\/\/sortzen.org\/wp-content\/uploads\/2019\/05\/Captura-de-pantalla-2019-05-15-a-las-20.12.53.png","articleSection":["Violencia machista"],"inLanguage":"eu"},{"@type":"WebPage","@id":"https:\/\/sortzen.org\/sheila-heti-dejen-de-preguntar-a-las-mujeres-que-no-tienen-hijos-por-que-no-los-tienen\/","url":"https:\/\/sortzen.org\/sheila-heti-dejen-de-preguntar-a-las-mujeres-que-no-tienen-hijos-por-que-no-los-tienen\/","name":"Sheila Heti: \u201cDejen de preguntar a las mujeres que no tienen hijos por qu\u00e9 no los tienen\u201d - Sortzen","isPartOf":{"@id":"https:\/\/sortzen.org\/#website"},"primaryImageOfPage":{"@id":"https:\/\/sortzen.org\/sheila-heti-dejen-de-preguntar-a-las-mujeres-que-no-tienen-hijos-por-que-no-los-tienen\/#primaryimage"},"image":{"@id":"https:\/\/sortzen.org\/sheila-heti-dejen-de-preguntar-a-las-mujeres-que-no-tienen-hijos-por-que-no-los-tienen\/#primaryimage"},"thumbnailUrl":"https:\/\/sortzen.org\/wp-content\/uploads\/2019\/05\/Captura-de-pantalla-2019-05-15-a-las-20.12.53.png","datePublished":"2019-05-15T18:12:45+00:00","dateModified":"2019-05-15T18:13:16+00:00","author":{"@id":"https:\/\/sortzen.org\/#\/schema\/person\/ae19f6202f1109a3151f75b53b61d1a7"},"breadcrumb":{"@id":"https:\/\/sortzen.org\/sheila-heti-dejen-de-preguntar-a-las-mujeres-que-no-tienen-hijos-por-que-no-los-tienen\/#breadcrumb"},"inLanguage":"eu","potentialAction":[{"@type":"ReadAction","target":["https:\/\/sortzen.org\/sheila-heti-dejen-de-preguntar-a-las-mujeres-que-no-tienen-hijos-por-que-no-los-tienen\/"]}]},{"@type":"ImageObject","inLanguage":"eu","@id":"https:\/\/sortzen.org\/sheila-heti-dejen-de-preguntar-a-las-mujeres-que-no-tienen-hijos-por-que-no-los-tienen\/#primaryimage","url":"https:\/\/sortzen.org\/wp-content\/uploads\/2019\/05\/Captura-de-pantalla-2019-05-15-a-las-20.12.53.png","contentUrl":"https:\/\/sortzen.org\/wp-content\/uploads\/2019\/05\/Captura-de-pantalla-2019-05-15-a-las-20.12.53.png","width":964,"height":634},{"@type":"BreadcrumbList","@id":"https:\/\/sortzen.org\/sheila-heti-dejen-de-preguntar-a-las-mujeres-que-no-tienen-hijos-por-que-no-los-tienen\/#breadcrumb","itemListElement":[{"@type":"ListItem","position":1,"name":"Home","item":"https:\/\/sortzen.org\/"},{"@type":"ListItem","position":2,"name":"Sheila Heti: \u201cDejen de preguntar a las mujeres que no tienen hijos por qu\u00e9 no los tienen\u201d"}]},{"@type":"WebSite","@id":"https:\/\/sortzen.org\/#website","url":"https:\/\/sortzen.org\/","name":"Sortzen","description":"Consultor\u00eda especializada en la prevenci\u00f3n y atenci\u00f3n de la violencia machista y los procesos de empoderamiento de las mujeres","potentialAction":[{"@type":"SearchAction","target":{"@type":"EntryPoint","urlTemplate":"https:\/\/sortzen.org\/?s={search_term_string}"},"query-input":{"@type":"PropertyValueSpecification","valueRequired":true,"valueName":"search_term_string"}}],"inLanguage":"eu"},{"@type":"Person","@id":"https:\/\/sortzen.org\/#\/schema\/person\/ae19f6202f1109a3151f75b53b61d1a7","name":"SortzenEditor","url":"https:\/\/sortzen.org\/eu\/author\/sortzeneditor\/"}]}},"jetpack_featured_media_url":"https:\/\/sortzen.org\/wp-content\/uploads\/2019\/05\/Captura-de-pantalla-2019-05-15-a-las-20.12.53.png","_links":{"self":[{"href":"https:\/\/sortzen.org\/eu\/wp-json\/wp\/v2\/posts\/2335","targetHints":{"allow":["GET"]}}],"collection":[{"href":"https:\/\/sortzen.org\/eu\/wp-json\/wp\/v2\/posts"}],"about":[{"href":"https:\/\/sortzen.org\/eu\/wp-json\/wp\/v2\/types\/post"}],"author":[{"embeddable":true,"href":"https:\/\/sortzen.org\/eu\/wp-json\/wp\/v2\/users\/4"}],"replies":[{"embeddable":true,"href":"https:\/\/sortzen.org\/eu\/wp-json\/wp\/v2\/comments?post=2335"}],"version-history":[{"count":1,"href":"https:\/\/sortzen.org\/eu\/wp-json\/wp\/v2\/posts\/2335\/revisions"}],"predecessor-version":[{"id":2336,"href":"https:\/\/sortzen.org\/eu\/wp-json\/wp\/v2\/posts\/2335\/revisions\/2336"}],"wp:featuredmedia":[{"embeddable":true,"href":"https:\/\/sortzen.org\/eu\/wp-json\/wp\/v2\/media\/2337"}],"wp:attachment":[{"href":"https:\/\/sortzen.org\/eu\/wp-json\/wp\/v2\/media?parent=2335"}],"wp:term":[{"taxonomy":"category","embeddable":true,"href":"https:\/\/sortzen.org\/eu\/wp-json\/wp\/v2\/categories?post=2335"},{"taxonomy":"post_tag","embeddable":true,"href":"https:\/\/sortzen.org\/eu\/wp-json\/wp\/v2\/tags?post=2335"}],"curies":[{"name":"wp","href":"https:\/\/api.w.org\/{rel}","templated":true}]}}