{"id":2341,"date":"2019-05-15T19:21:55","date_gmt":"2019-05-15T18:21:55","guid":{"rendered":"https:\/\/sortzen.org\/?p=2341"},"modified":"2019-05-15T19:21:55","modified_gmt":"2019-05-15T18:21:55","slug":"piden-80-anos-de-carcel-para-la-manada-de-bilbao-por-abusar-de-una-joven-grabarlo-y-difundirlo","status":"publish","type":"post","link":"https:\/\/sortzen.org\/eu\/piden-80-anos-de-carcel-para-la-manada-de-bilbao-por-abusar-de-una-joven-grabarlo-y-difundirlo\/","title":{"rendered":"Piden 80 a\u00f1os de c\u00e1rcel para \u2018La Manada\u2019 de Bilbao por abusar de una joven, grabarlo y difundirlo"},"content":{"rendered":"<p>La Audiencia de\u00a0<b>Bizkaia\u00a0<\/b>juzga desde el pr\u00f3ximo martes a<b>\u00a0tres j\u00f3venes acusados de abusar sexualmente de una chica de 18 a\u00f1os<\/b>y\u00a0<b>grabarlo\u00a0<\/b>y difundirlo con un tel\u00e9fono m\u00f3vil en Bilbao en 2017, delitos por los que la\u00a0<b>Fiscal\u00eda\u00a0<\/b>pide penas cercanas a los\u00a0<b>80 a\u00f1os de c\u00e1rcel<\/b>.<\/p>\n<p>Leer m\u00e1s:\u00a0<a href=\"https:\/\/www.lavanguardia.com\/sucesos\/20190505\/462049482494\/piden-anos-carcel-la-manada-bilbao.html\">https:\/\/www.lavanguardia.com\/sucesos\/20190505\/462049482494\/piden-anos-carcel-la-manada-bilbao.html<\/a><\/p>","protected":false},"excerpt":{"rendered":"<p>La Audiencia de Bizkaia juzga desde el pr\u00f3ximo martes a tres j\u00f3venes acusados de abusar sexualmente de una chica de 18 a\u00f1os y grabarlo y difundirlo con un tel\u00e9fono m\u00f3vil en Bilbao en 2017, delitos por los que la Fiscal\u00eda pide penas cercanas a los 80 a\u00f1os de c\u00e1rcel.<\/p>","protected":false},"author":4,"featured_media":2342,"comment_status":"closed","ping_status":"closed","sticky":false,"template":"","format":"standard","meta":{"footnotes":""},"categories":[46],"tags":[],"class_list":["post-2341","post","type-post","status-publish","format-standard","has-post-thumbnail","hentry","category-violencia-machista"],"yoast_head":"<!-- This site is optimized with the Yoast SEO plugin v27.5 - https:\/\/yoast.com\/product\/yoast-seo-wordpress\/ -->\n<title>Piden 80 a\u00f1os de c\u00e1rcel para \u2018La Manada\u2019 de Bilbao por abusar de una joven, grabarlo y difundirlo - Sortzen<\/title>\n<meta name=\"robots\" content=\"index, follow, max-snippet:-1, max-image-preview:large, max-video-preview:-1\" \/>\n<link rel=\"canonical\" href=\"https:\/\/sortzen.org\/eu\/piden-80-anos-de-carcel-para-la-manada-de-bilbao-por-abusar-de-una-joven-grabarlo-y-difundirlo\/\" \/>\n<meta property=\"og:locale\" content=\"en_US\" \/>\n<meta property=\"og:type\" content=\"article\" \/>\n<meta property=\"og:title\" content=\"Piden 80 a\u00f1os de c\u00e1rcel para \u2018La Manada\u2019 de Bilbao por abusar de una joven, grabarlo y difundirlo - Sortzen\" \/>\n<meta property=\"og:description\" content=\"La Audiencia de Bizkaia juzga desde el pr\u00f3ximo martes a tres j\u00f3venes acusados de abusar sexualmente de una chica de 18 a\u00f1os y grabarlo y difundirlo con un tel\u00e9fono m\u00f3vil en Bilbao en 2017, delitos por los que la Fiscal\u00eda pide penas cercanas a los 80 a\u00f1os de c\u00e1rcel.\" \/>\n<meta property=\"og:url\" content=\"https:\/\/sortzen.org\/eu\/piden-80-anos-de-carcel-para-la-manada-de-bilbao-por-abusar-de-una-joven-grabarlo-y-difundirlo\/\" \/>\n<meta property=\"og:site_name\" content=\"Sortzen\" \/>\n<meta property=\"article:published_time\" content=\"2019-05-15T18:21:55+00:00\" \/>\n<meta property=\"og:image\" content=\"https:\/\/sortzen.org\/wp-content\/uploads\/2019\/05\/Captura-de-pantalla-2019-05-15-a-las-20.21.16-1024x612.png\" \/>\n\t<meta property=\"og:image:width\" content=\"1024\" \/>\n\t<meta property=\"og:image:height\" content=\"612\" \/>\n\t<meta property=\"og:image:type\" content=\"image\/png\" \/>\n<meta name=\"author\" content=\"SortzenEditor\" \/>\n<meta name=\"twitter:label1\" content=\"Written by\" \/>\n\t<meta name=\"twitter:data1\" content=\"SortzenEditor\" \/>\n<script type=\"application\/ld+json\" class=\"yoast-schema-graph\">{\"@context\":\"https:\\\/\\\/schema.org\",\"@graph\":[{\"@type\":\"Article\",\"@id\":\"https:\\\/\\\/sortzen.org\\\/piden-80-anos-de-carcel-para-la-manada-de-bilbao-por-abusar-de-una-joven-grabarlo-y-difundirlo\\\/#article\",\"isPartOf\":{\"@id\":\"https:\\\/\\\/sortzen.org\\\/piden-80-anos-de-carcel-para-la-manada-de-bilbao-por-abusar-de-una-joven-grabarlo-y-difundirlo\\\/\"},\"author\":{\"name\":\"SortzenEditor\",\"@id\":\"https:\\\/\\\/sortzen.org\\\/#\\\/schema\\\/person\\\/ae19f6202f1109a3151f75b53b61d1a7\"},\"headline\":\"Piden 80 a\u00f1os de c\u00e1rcel para \u2018La Manada\u2019 de Bilbao por abusar de una joven, grabarlo y difundirlo\",\"datePublished\":\"2019-05-15T18:21:55+00:00\",\"mainEntityOfPage\":{\"@id\":\"https:\\\/\\\/sortzen.org\\\/piden-80-anos-de-carcel-para-la-manada-de-bilbao-por-abusar-de-una-joven-grabarlo-y-difundirlo\\\/\"},\"wordCount\":82,\"image\":{\"@id\":\"https:\\\/\\\/sortzen.org\\\/piden-80-anos-de-carcel-para-la-manada-de-bilbao-por-abusar-de-una-joven-grabarlo-y-difundirlo\\\/#primaryimage\"},\"thumbnailUrl\":\"https:\\\/\\\/sortzen.org\\\/wp-content\\\/uploads\\\/2019\\\/05\\\/Captura-de-pantalla-2019-05-15-a-las-20.21.16.png\",\"articleSection\":[\"Violencia machista\"],\"inLanguage\":\"eu\"},{\"@type\":\"WebPage\",\"@id\":\"https:\\\/\\\/sortzen.org\\\/piden-80-anos-de-carcel-para-la-manada-de-bilbao-por-abusar-de-una-joven-grabarlo-y-difundirlo\\\/\",\"url\":\"https:\\\/\\\/sortzen.org\\\/piden-80-anos-de-carcel-para-la-manada-de-bilbao-por-abusar-de-una-joven-grabarlo-y-difundirlo\\\/\",\"name\":\"Piden 80 a\u00f1os de c\u00e1rcel para \u2018La Manada\u2019 de Bilbao por abusar de una joven, grabarlo y difundirlo - Sortzen\",\"isPartOf\":{\"@id\":\"https:\\\/\\\/sortzen.org\\\/#website\"},\"primaryImageOfPage\":{\"@id\":\"https:\\\/\\\/sortzen.org\\\/piden-80-anos-de-carcel-para-la-manada-de-bilbao-por-abusar-de-una-joven-grabarlo-y-difundirlo\\\/#primaryimage\"},\"image\":{\"@id\":\"https:\\\/\\\/sortzen.org\\\/piden-80-anos-de-carcel-para-la-manada-de-bilbao-por-abusar-de-una-joven-grabarlo-y-difundirlo\\\/#primaryimage\"},\"thumbnailUrl\":\"https:\\\/\\\/sortzen.org\\\/wp-content\\\/uploads\\\/2019\\\/05\\\/Captura-de-pantalla-2019-05-15-a-las-20.21.16.png\",\"datePublished\":\"2019-05-15T18:21:55+00:00\",\"author\":{\"@id\":\"https:\\\/\\\/sortzen.org\\\/#\\\/schema\\\/person\\\/ae19f6202f1109a3151f75b53b61d1a7\"},\"breadcrumb\":{\"@id\":\"https:\\\/\\\/sortzen.org\\\/piden-80-anos-de-carcel-para-la-manada-de-bilbao-por-abusar-de-una-joven-grabarlo-y-difundirlo\\\/#breadcrumb\"},\"inLanguage\":\"eu\",\"potentialAction\":[{\"@type\":\"ReadAction\",\"target\":[\"https:\\\/\\\/sortzen.org\\\/piden-80-anos-de-carcel-para-la-manada-de-bilbao-por-abusar-de-una-joven-grabarlo-y-difundirlo\\\/\"]}]},{\"@type\":\"ImageObject\",\"inLanguage\":\"eu\",\"@id\":\"https:\\\/\\\/sortzen.org\\\/piden-80-anos-de-carcel-para-la-manada-de-bilbao-por-abusar-de-una-joven-grabarlo-y-difundirlo\\\/#primaryimage\",\"url\":\"https:\\\/\\\/sortzen.org\\\/wp-content\\\/uploads\\\/2019\\\/05\\\/Captura-de-pantalla-2019-05-15-a-las-20.21.16.png\",\"contentUrl\":\"https:\\\/\\\/sortzen.org\\\/wp-content\\\/uploads\\\/2019\\\/05\\\/Captura-de-pantalla-2019-05-15-a-las-20.21.16.png\",\"width\":1610,\"height\":962},{\"@type\":\"BreadcrumbList\",\"@id\":\"https:\\\/\\\/sortzen.org\\\/piden-80-anos-de-carcel-para-la-manada-de-bilbao-por-abusar-de-una-joven-grabarlo-y-difundirlo\\\/#breadcrumb\",\"itemListElement\":[{\"@type\":\"ListItem\",\"position\":1,\"name\":\"Home\",\"item\":\"https:\\\/\\\/sortzen.org\\\/\"},{\"@type\":\"ListItem\",\"position\":2,\"name\":\"Piden 80 a\u00f1os de c\u00e1rcel para \u2018La Manada\u2019 de Bilbao por abusar de una joven, grabarlo y difundirlo\"}]},{\"@type\":\"WebSite\",\"@id\":\"https:\\\/\\\/sortzen.org\\\/#website\",\"url\":\"https:\\\/\\\/sortzen.org\\\/\",\"name\":\"Sortzen\",\"description\":\"Consultor\u00eda especializada en la prevenci\u00f3n y atenci\u00f3n de la violencia machista y los procesos de empoderamiento de las mujeres\",\"potentialAction\":[{\"@type\":\"SearchAction\",\"target\":{\"@type\":\"EntryPoint\",\"urlTemplate\":\"https:\\\/\\\/sortzen.org\\\/?s={search_term_string}\"},\"query-input\":{\"@type\":\"PropertyValueSpecification\",\"valueRequired\":true,\"valueName\":\"search_term_string\"}}],\"inLanguage\":\"eu\"},{\"@type\":\"Person\",\"@id\":\"https:\\\/\\\/sortzen.org\\\/#\\\/schema\\\/person\\\/ae19f6202f1109a3151f75b53b61d1a7\",\"name\":\"SortzenEditor\",\"url\":\"https:\\\/\\\/sortzen.org\\\/eu\\\/author\\\/sortzeneditor\\\/\"}]}<\/script>\n<!-- \/ Yoast SEO plugin. -->","yoast_head_json":{"title":"Piden 80 a\u00f1os de c\u00e1rcel para \u2018La Manada\u2019 de Bilbao por abusar de una joven, grabarlo y difundirlo - Sortzen","robots":{"index":"index","follow":"follow","max-snippet":"max-snippet:-1","max-image-preview":"max-image-preview:large","max-video-preview":"max-video-preview:-1"},"canonical":"https:\/\/sortzen.org\/eu\/piden-80-anos-de-carcel-para-la-manada-de-bilbao-por-abusar-de-una-joven-grabarlo-y-difundirlo\/","og_locale":"en_US","og_type":"article","og_title":"Piden 80 a\u00f1os de c\u00e1rcel para \u2018La Manada\u2019 de Bilbao por abusar de una joven, grabarlo y difundirlo - Sortzen","og_description":"La Audiencia de Bizkaia juzga desde el pr\u00f3ximo martes a tres j\u00f3venes acusados de abusar sexualmente de una chica de 18 a\u00f1os y grabarlo y difundirlo con un tel\u00e9fono m\u00f3vil en Bilbao en 2017, delitos por los que la Fiscal\u00eda pide penas cercanas a los 80 a\u00f1os de c\u00e1rcel.","og_url":"https:\/\/sortzen.org\/eu\/piden-80-anos-de-carcel-para-la-manada-de-bilbao-por-abusar-de-una-joven-grabarlo-y-difundirlo\/","og_site_name":"Sortzen","article_published_time":"2019-05-15T18:21:55+00:00","og_image":[{"width":1024,"height":612,"url":"https:\/\/sortzen.org\/wp-content\/uploads\/2019\/05\/Captura-de-pantalla-2019-05-15-a-las-20.21.16-1024x612.png","type":"image\/png"}],"author":"SortzenEditor","twitter_misc":{"Written by":"SortzenEditor"},"schema":{"@context":"https:\/\/schema.org","@graph":[{"@type":"Article","@id":"https:\/\/sortzen.org\/piden-80-anos-de-carcel-para-la-manada-de-bilbao-por-abusar-de-una-joven-grabarlo-y-difundirlo\/#article","isPartOf":{"@id":"https:\/\/sortzen.org\/piden-80-anos-de-carcel-para-la-manada-de-bilbao-por-abusar-de-una-joven-grabarlo-y-difundirlo\/"},"author":{"name":"SortzenEditor","@id":"https:\/\/sortzen.org\/#\/schema\/person\/ae19f6202f1109a3151f75b53b61d1a7"},"headline":"Piden 80 a\u00f1os de c\u00e1rcel para \u2018La Manada\u2019 de Bilbao por abusar de una joven, grabarlo y difundirlo","datePublished":"2019-05-15T18:21:55+00:00","mainEntityOfPage":{"@id":"https:\/\/sortzen.org\/piden-80-anos-de-carcel-para-la-manada-de-bilbao-por-abusar-de-una-joven-grabarlo-y-difundirlo\/"},"wordCount":82,"image":{"@id":"https:\/\/sortzen.org\/piden-80-anos-de-carcel-para-la-manada-de-bilbao-por-abusar-de-una-joven-grabarlo-y-difundirlo\/#primaryimage"},"thumbnailUrl":"https:\/\/sortzen.org\/wp-content\/uploads\/2019\/05\/Captura-de-pantalla-2019-05-15-a-las-20.21.16.png","articleSection":["Violencia machista"],"inLanguage":"eu"},{"@type":"WebPage","@id":"https:\/\/sortzen.org\/piden-80-anos-de-carcel-para-la-manada-de-bilbao-por-abusar-de-una-joven-grabarlo-y-difundirlo\/","url":"https:\/\/sortzen.org\/piden-80-anos-de-carcel-para-la-manada-de-bilbao-por-abusar-de-una-joven-grabarlo-y-difundirlo\/","name":"Piden 80 a\u00f1os de c\u00e1rcel para \u2018La Manada\u2019 de Bilbao por abusar de una joven, grabarlo y difundirlo - Sortzen","isPartOf":{"@id":"https:\/\/sortzen.org\/#website"},"primaryImageOfPage":{"@id":"https:\/\/sortzen.org\/piden-80-anos-de-carcel-para-la-manada-de-bilbao-por-abusar-de-una-joven-grabarlo-y-difundirlo\/#primaryimage"},"image":{"@id":"https:\/\/sortzen.org\/piden-80-anos-de-carcel-para-la-manada-de-bilbao-por-abusar-de-una-joven-grabarlo-y-difundirlo\/#primaryimage"},"thumbnailUrl":"https:\/\/sortzen.org\/wp-content\/uploads\/2019\/05\/Captura-de-pantalla-2019-05-15-a-las-20.21.16.png","datePublished":"2019-05-15T18:21:55+00:00","author":{"@id":"https:\/\/sortzen.org\/#\/schema\/person\/ae19f6202f1109a3151f75b53b61d1a7"},"breadcrumb":{"@id":"https:\/\/sortzen.org\/piden-80-anos-de-carcel-para-la-manada-de-bilbao-por-abusar-de-una-joven-grabarlo-y-difundirlo\/#breadcrumb"},"inLanguage":"eu","potentialAction":[{"@type":"ReadAction","target":["https:\/\/sortzen.org\/piden-80-anos-de-carcel-para-la-manada-de-bilbao-por-abusar-de-una-joven-grabarlo-y-difundirlo\/"]}]},{"@type":"ImageObject","inLanguage":"eu","@id":"https:\/\/sortzen.org\/piden-80-anos-de-carcel-para-la-manada-de-bilbao-por-abusar-de-una-joven-grabarlo-y-difundirlo\/#primaryimage","url":"https:\/\/sortzen.org\/wp-content\/uploads\/2019\/05\/Captura-de-pantalla-2019-05-15-a-las-20.21.16.png","contentUrl":"https:\/\/sortzen.org\/wp-content\/uploads\/2019\/05\/Captura-de-pantalla-2019-05-15-a-las-20.21.16.png","width":1610,"height":962},{"@type":"BreadcrumbList","@id":"https:\/\/sortzen.org\/piden-80-anos-de-carcel-para-la-manada-de-bilbao-por-abusar-de-una-joven-grabarlo-y-difundirlo\/#breadcrumb","itemListElement":[{"@type":"ListItem","position":1,"name":"Home","item":"https:\/\/sortzen.org\/"},{"@type":"ListItem","position":2,"name":"Piden 80 a\u00f1os de c\u00e1rcel para \u2018La Manada\u2019 de Bilbao por abusar de una joven, grabarlo y difundirlo"}]},{"@type":"WebSite","@id":"https:\/\/sortzen.org\/#website","url":"https:\/\/sortzen.org\/","name":"Sortzen","description":"Consultor\u00eda especializada en la prevenci\u00f3n y atenci\u00f3n de la violencia machista y los procesos de empoderamiento de las mujeres","potentialAction":[{"@type":"SearchAction","target":{"@type":"EntryPoint","urlTemplate":"https:\/\/sortzen.org\/?s={search_term_string}"},"query-input":{"@type":"PropertyValueSpecification","valueRequired":true,"valueName":"search_term_string"}}],"inLanguage":"eu"},{"@type":"Person","@id":"https:\/\/sortzen.org\/#\/schema\/person\/ae19f6202f1109a3151f75b53b61d1a7","name":"SortzenEditor","url":"https:\/\/sortzen.org\/eu\/author\/sortzeneditor\/"}]}},"jetpack_featured_media_url":"https:\/\/sortzen.org\/wp-content\/uploads\/2019\/05\/Captura-de-pantalla-2019-05-15-a-las-20.21.16.png","_links":{"self":[{"href":"https:\/\/sortzen.org\/eu\/wp-json\/wp\/v2\/posts\/2341","targetHints":{"allow":["GET"]}}],"collection":[{"href":"https:\/\/sortzen.org\/eu\/wp-json\/wp\/v2\/posts"}],"about":[{"href":"https:\/\/sortzen.org\/eu\/wp-json\/wp\/v2\/types\/post"}],"author":[{"embeddable":true,"href":"https:\/\/sortzen.org\/eu\/wp-json\/wp\/v2\/users\/4"}],"replies":[{"embeddable":true,"href":"https:\/\/sortzen.org\/eu\/wp-json\/wp\/v2\/comments?post=2341"}],"version-history":[{"count":1,"href":"https:\/\/sortzen.org\/eu\/wp-json\/wp\/v2\/posts\/2341\/revisions"}],"predecessor-version":[{"id":2343,"href":"https:\/\/sortzen.org\/eu\/wp-json\/wp\/v2\/posts\/2341\/revisions\/2343"}],"wp:featuredmedia":[{"embeddable":true,"href":"https:\/\/sortzen.org\/eu\/wp-json\/wp\/v2\/media\/2342"}],"wp:attachment":[{"href":"https:\/\/sortzen.org\/eu\/wp-json\/wp\/v2\/media?parent=2341"}],"wp:term":[{"taxonomy":"category","embeddable":true,"href":"https:\/\/sortzen.org\/eu\/wp-json\/wp\/v2\/categories?post=2341"},{"taxonomy":"post_tag","embeddable":true,"href":"https:\/\/sortzen.org\/eu\/wp-json\/wp\/v2\/tags?post=2341"}],"curies":[{"name":"wp","href":"https:\/\/api.w.org\/{rel}","templated":true}]}}