{"id":2374,"date":"2019-06-04T16:05:51","date_gmt":"2019-06-04T15:05:51","guid":{"rendered":"https:\/\/sortzen.org\/?p=2374"},"modified":"2019-06-04T16:05:51","modified_gmt":"2019-06-04T15:05:51","slug":"atletismo-la-corte-federal-suprema-suiza-da-la-razon-a-semenya-podra-correr-sin-medicarse","status":"publish","type":"post","link":"https:\/\/sortzen.org\/eu\/atletismo-la-corte-federal-suprema-suiza-da-la-razon-a-semenya-podra-correr-sin-medicarse\/","title":{"rendered":"Atletismo \u00a1La Corte Federal Suprema suiza da la raz\u00f3n a Semenya: podr\u00e1 correr sin medicarse!"},"content":{"rendered":"<p>Nuevo giro argumental en el &#8216;caso Semenya&#8217;. La atleta sudafricana acaba de ganar una batalla, qui\u00e9n sabe si la definitiva, en la <strong>Corte Federal Suprema de Suiza<\/strong>, que ha ordenado a la Federaci\u00f3n Internacional de Atletismo (IAAF) suspender la nueva normativa que\u00a0<strong>obligaba a la bicampe\u00f3n ol\u00edmpica de 800 a medicarse para disminuir sus niveles de testosterona<\/strong>\u00a0si quer\u00eda seguir compitiendo en distancias desde los 400 metros a la milla.<\/p>\n<p>Tras el<a href=\"https:\/\/www.marca.com\/atletismo\/2019\/05\/01\/5cc96f3dca4741af538b45a8.html\" target=\"_blank\" rel=\"noopener noreferrer\"><strong>\u00a0fallo inicial del Tribunal de Arbitraje Deportivo (TAS) el pasado 1 de mayo<\/strong><\/a>, Caster Semenya ten\u00eda 30 d\u00edas para apelar a la m\u00e1xima instancia judicial del deporte en el pa\u00eds helv\u00e9tico, que tiene potestad sobre las decisiones del TAS. Ambos tribunales est\u00e1n en Lausana.<\/p>\n<p>Leer m\u00e1s:\u00a0<a href=\"https:\/\/www.marca.com\/atletismo\/2019\/06\/03\/5cf54c3c268e3e3a4e8b4570.html\">https:\/\/www.marca.com\/atletismo\/2019\/06\/03\/5cf54c3c268e3e3a4e8b4570.html<\/a><\/p>","protected":false},"excerpt":{"rendered":"<p>Nuevo giro argumental en el &#8216;caso Semenya&#8217;. La atleta sudafricana acaba de ganar una batalla, qui\u00e9n sabe si la definitiva, en la Corte Federal Suprema de Suiza, que ha ordenado a la Federaci\u00f3n Internacional de Atletismo (IAAF) suspender la nueva normativa que\u00a0obligaba a la bicampe\u00f3n ol\u00edmpica de 800 a medicarse para disminuir sus niveles de testosterona\u00a0si quer\u00eda seguir compitiendo en distancias desde los 400 metros a la milla.<\/p>","protected":false},"author":4,"featured_media":2375,"comment_status":"closed","ping_status":"closed","sticky":false,"template":"","format":"standard","meta":{"footnotes":""},"categories":[46],"tags":[],"class_list":["post-2374","post","type-post","status-publish","format-standard","has-post-thumbnail","hentry","category-violencia-machista"],"yoast_head":"<!-- This site is optimized with the Yoast SEO plugin v27.5 - https:\/\/yoast.com\/product\/yoast-seo-wordpress\/ -->\n<title>Atletismo \u00a1La Corte Federal Suprema suiza da la raz\u00f3n a Semenya: podr\u00e1 correr sin medicarse! - Sortzen<\/title>\n<meta name=\"robots\" content=\"index, follow, max-snippet:-1, max-image-preview:large, max-video-preview:-1\" \/>\n<link rel=\"canonical\" href=\"https:\/\/sortzen.org\/eu\/atletismo-la-corte-federal-suprema-suiza-da-la-razon-a-semenya-podra-correr-sin-medicarse\/\" \/>\n<meta property=\"og:locale\" content=\"en_US\" \/>\n<meta property=\"og:type\" content=\"article\" \/>\n<meta property=\"og:title\" content=\"Atletismo \u00a1La Corte Federal Suprema suiza da la raz\u00f3n a Semenya: podr\u00e1 correr sin medicarse! - Sortzen\" \/>\n<meta property=\"og:description\" content=\"Nuevo giro argumental en el &#039;caso Semenya&#039;. La atleta sudafricana acaba de ganar una batalla, qui\u00e9n sabe si la definitiva, en la Corte Federal Suprema de Suiza, que ha ordenado a la Federaci\u00f3n Internacional de Atletismo (IAAF) suspender la nueva normativa que\u00a0obligaba a la bicampe\u00f3n ol\u00edmpica de 800 a medicarse para disminuir sus niveles de testosterona\u00a0si quer\u00eda seguir compitiendo en distancias desde los 400 metros a la milla.\" \/>\n<meta property=\"og:url\" content=\"https:\/\/sortzen.org\/eu\/atletismo-la-corte-federal-suprema-suiza-da-la-razon-a-semenya-podra-correr-sin-medicarse\/\" \/>\n<meta property=\"og:site_name\" content=\"Sortzen\" \/>\n<meta property=\"article:published_time\" content=\"2019-06-04T15:05:51+00:00\" \/>\n<meta property=\"og:image\" content=\"https:\/\/sortzen.org\/wp-content\/uploads\/2019\/06\/Captura-de-pantalla-2019-06-04-a-las-17.05.19.png\" \/>\n\t<meta property=\"og:image:width\" content=\"1326\" \/>\n\t<meta property=\"og:image:height\" content=\"824\" \/>\n\t<meta property=\"og:image:type\" content=\"image\/png\" \/>\n<meta name=\"author\" content=\"SortzenEditor\" \/>\n<meta name=\"twitter:label1\" content=\"Written by\" \/>\n\t<meta name=\"twitter:data1\" content=\"SortzenEditor\" \/>\n\t<meta name=\"twitter:label2\" content=\"Est. reading time\" \/>\n\t<meta name=\"twitter:data2\" content=\"1 minutua\" \/>\n<script type=\"application\/ld+json\" class=\"yoast-schema-graph\">{\"@context\":\"https:\\\/\\\/schema.org\",\"@graph\":[{\"@type\":\"Article\",\"@id\":\"https:\\\/\\\/sortzen.org\\\/atletismo-la-corte-federal-suprema-suiza-da-la-razon-a-semenya-podra-correr-sin-medicarse\\\/#article\",\"isPartOf\":{\"@id\":\"https:\\\/\\\/sortzen.org\\\/atletismo-la-corte-federal-suprema-suiza-da-la-razon-a-semenya-podra-correr-sin-medicarse\\\/\"},\"author\":{\"name\":\"SortzenEditor\",\"@id\":\"https:\\\/\\\/sortzen.org\\\/#\\\/schema\\\/person\\\/ae19f6202f1109a3151f75b53b61d1a7\"},\"headline\":\"Atletismo \u00a1La Corte Federal Suprema suiza da la raz\u00f3n a Semenya: podr\u00e1 correr sin medicarse!\",\"datePublished\":\"2019-06-04T15:05:51+00:00\",\"mainEntityOfPage\":{\"@id\":\"https:\\\/\\\/sortzen.org\\\/atletismo-la-corte-federal-suprema-suiza-da-la-razon-a-semenya-podra-correr-sin-medicarse\\\/\"},\"wordCount\":156,\"image\":{\"@id\":\"https:\\\/\\\/sortzen.org\\\/atletismo-la-corte-federal-suprema-suiza-da-la-razon-a-semenya-podra-correr-sin-medicarse\\\/#primaryimage\"},\"thumbnailUrl\":\"https:\\\/\\\/sortzen.org\\\/wp-content\\\/uploads\\\/2019\\\/06\\\/Captura-de-pantalla-2019-06-04-a-las-17.05.19.png\",\"articleSection\":[\"Violencia machista\"],\"inLanguage\":\"eu\"},{\"@type\":\"WebPage\",\"@id\":\"https:\\\/\\\/sortzen.org\\\/atletismo-la-corte-federal-suprema-suiza-da-la-razon-a-semenya-podra-correr-sin-medicarse\\\/\",\"url\":\"https:\\\/\\\/sortzen.org\\\/atletismo-la-corte-federal-suprema-suiza-da-la-razon-a-semenya-podra-correr-sin-medicarse\\\/\",\"name\":\"Atletismo \u00a1La Corte Federal Suprema suiza da la raz\u00f3n a Semenya: podr\u00e1 correr sin medicarse! - Sortzen\",\"isPartOf\":{\"@id\":\"https:\\\/\\\/sortzen.org\\\/#website\"},\"primaryImageOfPage\":{\"@id\":\"https:\\\/\\\/sortzen.org\\\/atletismo-la-corte-federal-suprema-suiza-da-la-razon-a-semenya-podra-correr-sin-medicarse\\\/#primaryimage\"},\"image\":{\"@id\":\"https:\\\/\\\/sortzen.org\\\/atletismo-la-corte-federal-suprema-suiza-da-la-razon-a-semenya-podra-correr-sin-medicarse\\\/#primaryimage\"},\"thumbnailUrl\":\"https:\\\/\\\/sortzen.org\\\/wp-content\\\/uploads\\\/2019\\\/06\\\/Captura-de-pantalla-2019-06-04-a-las-17.05.19.png\",\"datePublished\":\"2019-06-04T15:05:51+00:00\",\"author\":{\"@id\":\"https:\\\/\\\/sortzen.org\\\/#\\\/schema\\\/person\\\/ae19f6202f1109a3151f75b53b61d1a7\"},\"breadcrumb\":{\"@id\":\"https:\\\/\\\/sortzen.org\\\/atletismo-la-corte-federal-suprema-suiza-da-la-razon-a-semenya-podra-correr-sin-medicarse\\\/#breadcrumb\"},\"inLanguage\":\"eu\",\"potentialAction\":[{\"@type\":\"ReadAction\",\"target\":[\"https:\\\/\\\/sortzen.org\\\/atletismo-la-corte-federal-suprema-suiza-da-la-razon-a-semenya-podra-correr-sin-medicarse\\\/\"]}]},{\"@type\":\"ImageObject\",\"inLanguage\":\"eu\",\"@id\":\"https:\\\/\\\/sortzen.org\\\/atletismo-la-corte-federal-suprema-suiza-da-la-razon-a-semenya-podra-correr-sin-medicarse\\\/#primaryimage\",\"url\":\"https:\\\/\\\/sortzen.org\\\/wp-content\\\/uploads\\\/2019\\\/06\\\/Captura-de-pantalla-2019-06-04-a-las-17.05.19.png\",\"contentUrl\":\"https:\\\/\\\/sortzen.org\\\/wp-content\\\/uploads\\\/2019\\\/06\\\/Captura-de-pantalla-2019-06-04-a-las-17.05.19.png\",\"width\":1326,\"height\":824},{\"@type\":\"BreadcrumbList\",\"@id\":\"https:\\\/\\\/sortzen.org\\\/atletismo-la-corte-federal-suprema-suiza-da-la-razon-a-semenya-podra-correr-sin-medicarse\\\/#breadcrumb\",\"itemListElement\":[{\"@type\":\"ListItem\",\"position\":1,\"name\":\"Home\",\"item\":\"https:\\\/\\\/sortzen.org\\\/\"},{\"@type\":\"ListItem\",\"position\":2,\"name\":\"Atletismo \u00a1La Corte Federal Suprema suiza da la raz\u00f3n a Semenya: podr\u00e1 correr sin medicarse!\"}]},{\"@type\":\"WebSite\",\"@id\":\"https:\\\/\\\/sortzen.org\\\/#website\",\"url\":\"https:\\\/\\\/sortzen.org\\\/\",\"name\":\"Sortzen\",\"description\":\"Consultor\u00eda especializada en la prevenci\u00f3n y atenci\u00f3n de la violencia machista y los procesos de empoderamiento de las mujeres\",\"potentialAction\":[{\"@type\":\"SearchAction\",\"target\":{\"@type\":\"EntryPoint\",\"urlTemplate\":\"https:\\\/\\\/sortzen.org\\\/?s={search_term_string}\"},\"query-input\":{\"@type\":\"PropertyValueSpecification\",\"valueRequired\":true,\"valueName\":\"search_term_string\"}}],\"inLanguage\":\"eu\"},{\"@type\":\"Person\",\"@id\":\"https:\\\/\\\/sortzen.org\\\/#\\\/schema\\\/person\\\/ae19f6202f1109a3151f75b53b61d1a7\",\"name\":\"SortzenEditor\",\"url\":\"https:\\\/\\\/sortzen.org\\\/eu\\\/author\\\/sortzeneditor\\\/\"}]}<\/script>\n<!-- \/ Yoast SEO plugin. -->","yoast_head_json":{"title":"Atletismo \u00a1La Corte Federal Suprema suiza da la raz\u00f3n a Semenya: podr\u00e1 correr sin medicarse! - Sortzen","robots":{"index":"index","follow":"follow","max-snippet":"max-snippet:-1","max-image-preview":"max-image-preview:large","max-video-preview":"max-video-preview:-1"},"canonical":"https:\/\/sortzen.org\/eu\/atletismo-la-corte-federal-suprema-suiza-da-la-razon-a-semenya-podra-correr-sin-medicarse\/","og_locale":"en_US","og_type":"article","og_title":"Atletismo \u00a1La Corte Federal Suprema suiza da la raz\u00f3n a Semenya: podr\u00e1 correr sin medicarse! - Sortzen","og_description":"Nuevo giro argumental en el 'caso Semenya'. La atleta sudafricana acaba de ganar una batalla, qui\u00e9n sabe si la definitiva, en la Corte Federal Suprema de Suiza, que ha ordenado a la Federaci\u00f3n Internacional de Atletismo (IAAF) suspender la nueva normativa que\u00a0obligaba a la bicampe\u00f3n ol\u00edmpica de 800 a medicarse para disminuir sus niveles de testosterona\u00a0si quer\u00eda seguir compitiendo en distancias desde los 400 metros a la milla.","og_url":"https:\/\/sortzen.org\/eu\/atletismo-la-corte-federal-suprema-suiza-da-la-razon-a-semenya-podra-correr-sin-medicarse\/","og_site_name":"Sortzen","article_published_time":"2019-06-04T15:05:51+00:00","og_image":[{"width":1326,"height":824,"url":"https:\/\/sortzen.org\/wp-content\/uploads\/2019\/06\/Captura-de-pantalla-2019-06-04-a-las-17.05.19.png","type":"image\/png"}],"author":"SortzenEditor","twitter_misc":{"Written by":"SortzenEditor","Est. reading time":"1 minutua"},"schema":{"@context":"https:\/\/schema.org","@graph":[{"@type":"Article","@id":"https:\/\/sortzen.org\/atletismo-la-corte-federal-suprema-suiza-da-la-razon-a-semenya-podra-correr-sin-medicarse\/#article","isPartOf":{"@id":"https:\/\/sortzen.org\/atletismo-la-corte-federal-suprema-suiza-da-la-razon-a-semenya-podra-correr-sin-medicarse\/"},"author":{"name":"SortzenEditor","@id":"https:\/\/sortzen.org\/#\/schema\/person\/ae19f6202f1109a3151f75b53b61d1a7"},"headline":"Atletismo \u00a1La Corte Federal Suprema suiza da la raz\u00f3n a Semenya: podr\u00e1 correr sin medicarse!","datePublished":"2019-06-04T15:05:51+00:00","mainEntityOfPage":{"@id":"https:\/\/sortzen.org\/atletismo-la-corte-federal-suprema-suiza-da-la-razon-a-semenya-podra-correr-sin-medicarse\/"},"wordCount":156,"image":{"@id":"https:\/\/sortzen.org\/atletismo-la-corte-federal-suprema-suiza-da-la-razon-a-semenya-podra-correr-sin-medicarse\/#primaryimage"},"thumbnailUrl":"https:\/\/sortzen.org\/wp-content\/uploads\/2019\/06\/Captura-de-pantalla-2019-06-04-a-las-17.05.19.png","articleSection":["Violencia machista"],"inLanguage":"eu"},{"@type":"WebPage","@id":"https:\/\/sortzen.org\/atletismo-la-corte-federal-suprema-suiza-da-la-razon-a-semenya-podra-correr-sin-medicarse\/","url":"https:\/\/sortzen.org\/atletismo-la-corte-federal-suprema-suiza-da-la-razon-a-semenya-podra-correr-sin-medicarse\/","name":"Atletismo \u00a1La Corte Federal Suprema suiza da la raz\u00f3n a Semenya: podr\u00e1 correr sin medicarse! - Sortzen","isPartOf":{"@id":"https:\/\/sortzen.org\/#website"},"primaryImageOfPage":{"@id":"https:\/\/sortzen.org\/atletismo-la-corte-federal-suprema-suiza-da-la-razon-a-semenya-podra-correr-sin-medicarse\/#primaryimage"},"image":{"@id":"https:\/\/sortzen.org\/atletismo-la-corte-federal-suprema-suiza-da-la-razon-a-semenya-podra-correr-sin-medicarse\/#primaryimage"},"thumbnailUrl":"https:\/\/sortzen.org\/wp-content\/uploads\/2019\/06\/Captura-de-pantalla-2019-06-04-a-las-17.05.19.png","datePublished":"2019-06-04T15:05:51+00:00","author":{"@id":"https:\/\/sortzen.org\/#\/schema\/person\/ae19f6202f1109a3151f75b53b61d1a7"},"breadcrumb":{"@id":"https:\/\/sortzen.org\/atletismo-la-corte-federal-suprema-suiza-da-la-razon-a-semenya-podra-correr-sin-medicarse\/#breadcrumb"},"inLanguage":"eu","potentialAction":[{"@type":"ReadAction","target":["https:\/\/sortzen.org\/atletismo-la-corte-federal-suprema-suiza-da-la-razon-a-semenya-podra-correr-sin-medicarse\/"]}]},{"@type":"ImageObject","inLanguage":"eu","@id":"https:\/\/sortzen.org\/atletismo-la-corte-federal-suprema-suiza-da-la-razon-a-semenya-podra-correr-sin-medicarse\/#primaryimage","url":"https:\/\/sortzen.org\/wp-content\/uploads\/2019\/06\/Captura-de-pantalla-2019-06-04-a-las-17.05.19.png","contentUrl":"https:\/\/sortzen.org\/wp-content\/uploads\/2019\/06\/Captura-de-pantalla-2019-06-04-a-las-17.05.19.png","width":1326,"height":824},{"@type":"BreadcrumbList","@id":"https:\/\/sortzen.org\/atletismo-la-corte-federal-suprema-suiza-da-la-razon-a-semenya-podra-correr-sin-medicarse\/#breadcrumb","itemListElement":[{"@type":"ListItem","position":1,"name":"Home","item":"https:\/\/sortzen.org\/"},{"@type":"ListItem","position":2,"name":"Atletismo \u00a1La Corte Federal Suprema suiza da la raz\u00f3n a Semenya: podr\u00e1 correr sin medicarse!"}]},{"@type":"WebSite","@id":"https:\/\/sortzen.org\/#website","url":"https:\/\/sortzen.org\/","name":"Sortzen","description":"Consultor\u00eda especializada en la prevenci\u00f3n y atenci\u00f3n de la violencia machista y los procesos de empoderamiento de las mujeres","potentialAction":[{"@type":"SearchAction","target":{"@type":"EntryPoint","urlTemplate":"https:\/\/sortzen.org\/?s={search_term_string}"},"query-input":{"@type":"PropertyValueSpecification","valueRequired":true,"valueName":"search_term_string"}}],"inLanguage":"eu"},{"@type":"Person","@id":"https:\/\/sortzen.org\/#\/schema\/person\/ae19f6202f1109a3151f75b53b61d1a7","name":"SortzenEditor","url":"https:\/\/sortzen.org\/eu\/author\/sortzeneditor\/"}]}},"jetpack_featured_media_url":"https:\/\/sortzen.org\/wp-content\/uploads\/2019\/06\/Captura-de-pantalla-2019-06-04-a-las-17.05.19.png","_links":{"self":[{"href":"https:\/\/sortzen.org\/eu\/wp-json\/wp\/v2\/posts\/2374","targetHints":{"allow":["GET"]}}],"collection":[{"href":"https:\/\/sortzen.org\/eu\/wp-json\/wp\/v2\/posts"}],"about":[{"href":"https:\/\/sortzen.org\/eu\/wp-json\/wp\/v2\/types\/post"}],"author":[{"embeddable":true,"href":"https:\/\/sortzen.org\/eu\/wp-json\/wp\/v2\/users\/4"}],"replies":[{"embeddable":true,"href":"https:\/\/sortzen.org\/eu\/wp-json\/wp\/v2\/comments?post=2374"}],"version-history":[{"count":1,"href":"https:\/\/sortzen.org\/eu\/wp-json\/wp\/v2\/posts\/2374\/revisions"}],"predecessor-version":[{"id":2376,"href":"https:\/\/sortzen.org\/eu\/wp-json\/wp\/v2\/posts\/2374\/revisions\/2376"}],"wp:featuredmedia":[{"embeddable":true,"href":"https:\/\/sortzen.org\/eu\/wp-json\/wp\/v2\/media\/2375"}],"wp:attachment":[{"href":"https:\/\/sortzen.org\/eu\/wp-json\/wp\/v2\/media?parent=2374"}],"wp:term":[{"taxonomy":"category","embeddable":true,"href":"https:\/\/sortzen.org\/eu\/wp-json\/wp\/v2\/categories?post=2374"},{"taxonomy":"post_tag","embeddable":true,"href":"https:\/\/sortzen.org\/eu\/wp-json\/wp\/v2\/tags?post=2374"}],"curies":[{"name":"wp","href":"https:\/\/api.w.org\/{rel}","templated":true}]}}