{"id":2384,"date":"2019-06-14T11:36:05","date_gmt":"2019-06-14T10:36:05","guid":{"rendered":"https:\/\/sortzen.org\/?p=2384"},"modified":"2019-06-14T11:36:22","modified_gmt":"2019-06-14T10:36:22","slug":"vox-se-separa-de-la-pancarta-contra-la-violencia-machista-en-valencia-en-el-minuto-de-silencio-por-la-ultima-asesinada","status":"publish","type":"post","link":"https:\/\/sortzen.org\/eu\/vox-se-separa-de-la-pancarta-contra-la-violencia-machista-en-valencia-en-el-minuto-de-silencio-por-la-ultima-asesinada\/","title":{"rendered":"Voxek indarkeria matxistaren aurkako pankarta utzi du Val\u00e8ncian, azken hilketagatik"},"content":{"rendered":"<p id=\"m539-1-540\">Los representantes de Vox en\u00a0<a title=\"Diputados de Vox juran el cargo en Les Corts Valencianes 'por Dios y por Espa\u00f1a'\" href=\"https:\/\/www.publico.es\/politica\/diputados-vox-juran-cargo-les-corts-valencianes-dios-espana-biblia.html\">Les Corts Valencianes<\/a>\u00a0han acudido al minuto de silencio que se ha guardado a las puertas del Palau dels Borja para\u00a0<b>condenar la muerte de una mujer<\/b>\u00a0este lunes en Alboraia, cuya pareja se ha suicidado, aunque se ha situado fuera de la pancarta institucional \u00abcontra la violencia machista\u00bb.<\/p>\n<p id=\"m544-2-545\">La portavoz, Ana Vega, hab\u00eda explicado previamente ante la prensa que estar\u00edan en esa concentraci\u00f3n porque est\u00e1n \u00aben contra de cualquier forma de violencia\u00bb, aunque pedir\u00e1n formalmente en la c\u00e1mara que\u00a0<b>se convoquen tambi\u00e9n concentraciones en otros casos de violencia intrafamiliar\u00a0<\/b>con ni\u00f1os, hombres o ancianos como v\u00edctimas, recordando que su grupo est\u00e1 en contra de la ley contra la violencia de g\u00e9nero y apuesta por una ley que aborde la violencia intrafamiliar.<\/p>\n<p>Leer m\u00e1s:\u00a0<a href=\"https:\/\/www.publico.es\/politica\/vox-separa-pancarta-violencia-machista.html\">https:\/\/www.publico.es\/politica\/vox-separa-pancarta-violencia-machista.html<\/a><\/p>","protected":false},"excerpt":{"rendered":"<p>Carmen Martinez PSPVko bozeramailearen ondokoak kritikatu egin du pankartatik kanpo kokatu izana, baita \"minutuko isilunea zalantzan\" jarri izana ere, mila emakume hil dituztenean.<\/p>","protected":false},"author":4,"featured_media":2385,"comment_status":"closed","ping_status":"closed","sticky":false,"template":"","format":"standard","meta":{"footnotes":""},"categories":[46],"tags":[],"class_list":["post-2384","post","type-post","status-publish","format-standard","has-post-thumbnail","hentry","category-violencia-machista"],"yoast_head":"<!-- This site is optimized with the Yoast SEO plugin v27.5 - https:\/\/yoast.com\/product\/yoast-seo-wordpress\/ -->\n<title>Vox se separa de la pancarta contra la violencia machista en Val\u00e8ncia en el minuto de silencio por la \u00faltima asesinada - Sortzen<\/title>\n<meta name=\"robots\" content=\"index, follow, max-snippet:-1, max-image-preview:large, max-video-preview:-1\" \/>\n<link rel=\"canonical\" href=\"https:\/\/sortzen.org\/eu\/vox-se-separa-de-la-pancarta-contra-la-violencia-machista-en-valencia-en-el-minuto-de-silencio-por-la-ultima-asesinada\/\" \/>\n<meta property=\"og:locale\" content=\"en_US\" \/>\n<meta property=\"og:type\" content=\"article\" \/>\n<meta property=\"og:title\" content=\"Vox se separa de la pancarta contra la violencia machista en Val\u00e8ncia en el minuto de silencio por la \u00faltima asesinada - Sortzen\" \/>\n<meta property=\"og:description\" content=\"La portavoz adjunta del PSPV, Carmen Mart\u00ednez, ha criticado que se hayan situado fuera de la pancarta y tambi\u00e9n las manifestaciones &quot;cuestionando el minuto de silencio&quot; cuando hay mil mujeres asesinadas.\" \/>\n<meta property=\"og:url\" content=\"https:\/\/sortzen.org\/eu\/vox-se-separa-de-la-pancarta-contra-la-violencia-machista-en-valencia-en-el-minuto-de-silencio-por-la-ultima-asesinada\/\" \/>\n<meta property=\"og:site_name\" content=\"Sortzen\" \/>\n<meta property=\"article:published_time\" content=\"2019-06-14T10:36:05+00:00\" \/>\n<meta property=\"article:modified_time\" content=\"2019-06-14T10:36:22+00:00\" \/>\n<meta property=\"og:image\" content=\"https:\/\/sortzen.org\/wp-content\/uploads\/2019\/06\/Captura-de-pantalla-2019-06-14-a-las-12.35.16.png\" \/>\n\t<meta property=\"og:image:width\" content=\"1330\" \/>\n\t<meta property=\"og:image:height\" content=\"734\" \/>\n\t<meta property=\"og:image:type\" content=\"image\/png\" \/>\n<meta name=\"author\" content=\"SortzenEditor\" \/>\n<meta name=\"twitter:label1\" content=\"Written by\" \/>\n\t<meta name=\"twitter:data1\" content=\"SortzenEditor\" \/>\n\t<meta name=\"twitter:label2\" content=\"Est. reading time\" \/>\n\t<meta name=\"twitter:data2\" content=\"1 minutua\" \/>\n<script type=\"application\/ld+json\" class=\"yoast-schema-graph\">{\"@context\":\"https:\\\/\\\/schema.org\",\"@graph\":[{\"@type\":\"Article\",\"@id\":\"https:\\\/\\\/sortzen.org\\\/vox-se-separa-de-la-pancarta-contra-la-violencia-machista-en-valencia-en-el-minuto-de-silencio-por-la-ultima-asesinada\\\/#article\",\"isPartOf\":{\"@id\":\"https:\\\/\\\/sortzen.org\\\/vox-se-separa-de-la-pancarta-contra-la-violencia-machista-en-valencia-en-el-minuto-de-silencio-por-la-ultima-asesinada\\\/\"},\"author\":{\"name\":\"SortzenEditor\",\"@id\":\"https:\\\/\\\/sortzen.org\\\/#\\\/schema\\\/person\\\/ae19f6202f1109a3151f75b53b61d1a7\"},\"headline\":\"Vox se separa de la pancarta contra la violencia machista en Val\u00e8ncia en el minuto de silencio por la \u00faltima asesinada\",\"datePublished\":\"2019-06-14T10:36:05+00:00\",\"dateModified\":\"2019-06-14T10:36:22+00:00\",\"mainEntityOfPage\":{\"@id\":\"https:\\\/\\\/sortzen.org\\\/vox-se-separa-de-la-pancarta-contra-la-violencia-machista-en-valencia-en-el-minuto-de-silencio-por-la-ultima-asesinada\\\/\"},\"wordCount\":169,\"image\":{\"@id\":\"https:\\\/\\\/sortzen.org\\\/vox-se-separa-de-la-pancarta-contra-la-violencia-machista-en-valencia-en-el-minuto-de-silencio-por-la-ultima-asesinada\\\/#primaryimage\"},\"thumbnailUrl\":\"https:\\\/\\\/sortzen.org\\\/wp-content\\\/uploads\\\/2019\\\/06\\\/Captura-de-pantalla-2019-06-14-a-las-12.35.16.png\",\"articleSection\":[\"Violencia machista\"],\"inLanguage\":\"eu\"},{\"@type\":\"WebPage\",\"@id\":\"https:\\\/\\\/sortzen.org\\\/vox-se-separa-de-la-pancarta-contra-la-violencia-machista-en-valencia-en-el-minuto-de-silencio-por-la-ultima-asesinada\\\/\",\"url\":\"https:\\\/\\\/sortzen.org\\\/vox-se-separa-de-la-pancarta-contra-la-violencia-machista-en-valencia-en-el-minuto-de-silencio-por-la-ultima-asesinada\\\/\",\"name\":\"Vox se separa de la pancarta contra la violencia machista en Val\u00e8ncia en el minuto de silencio por la \u00faltima asesinada - Sortzen\",\"isPartOf\":{\"@id\":\"https:\\\/\\\/sortzen.org\\\/#website\"},\"primaryImageOfPage\":{\"@id\":\"https:\\\/\\\/sortzen.org\\\/vox-se-separa-de-la-pancarta-contra-la-violencia-machista-en-valencia-en-el-minuto-de-silencio-por-la-ultima-asesinada\\\/#primaryimage\"},\"image\":{\"@id\":\"https:\\\/\\\/sortzen.org\\\/vox-se-separa-de-la-pancarta-contra-la-violencia-machista-en-valencia-en-el-minuto-de-silencio-por-la-ultima-asesinada\\\/#primaryimage\"},\"thumbnailUrl\":\"https:\\\/\\\/sortzen.org\\\/wp-content\\\/uploads\\\/2019\\\/06\\\/Captura-de-pantalla-2019-06-14-a-las-12.35.16.png\",\"datePublished\":\"2019-06-14T10:36:05+00:00\",\"dateModified\":\"2019-06-14T10:36:22+00:00\",\"author\":{\"@id\":\"https:\\\/\\\/sortzen.org\\\/#\\\/schema\\\/person\\\/ae19f6202f1109a3151f75b53b61d1a7\"},\"breadcrumb\":{\"@id\":\"https:\\\/\\\/sortzen.org\\\/vox-se-separa-de-la-pancarta-contra-la-violencia-machista-en-valencia-en-el-minuto-de-silencio-por-la-ultima-asesinada\\\/#breadcrumb\"},\"inLanguage\":\"eu\",\"potentialAction\":[{\"@type\":\"ReadAction\",\"target\":[\"https:\\\/\\\/sortzen.org\\\/vox-se-separa-de-la-pancarta-contra-la-violencia-machista-en-valencia-en-el-minuto-de-silencio-por-la-ultima-asesinada\\\/\"]}]},{\"@type\":\"ImageObject\",\"inLanguage\":\"eu\",\"@id\":\"https:\\\/\\\/sortzen.org\\\/vox-se-separa-de-la-pancarta-contra-la-violencia-machista-en-valencia-en-el-minuto-de-silencio-por-la-ultima-asesinada\\\/#primaryimage\",\"url\":\"https:\\\/\\\/sortzen.org\\\/wp-content\\\/uploads\\\/2019\\\/06\\\/Captura-de-pantalla-2019-06-14-a-las-12.35.16.png\",\"contentUrl\":\"https:\\\/\\\/sortzen.org\\\/wp-content\\\/uploads\\\/2019\\\/06\\\/Captura-de-pantalla-2019-06-14-a-las-12.35.16.png\",\"width\":1330,\"height\":734},{\"@type\":\"BreadcrumbList\",\"@id\":\"https:\\\/\\\/sortzen.org\\\/vox-se-separa-de-la-pancarta-contra-la-violencia-machista-en-valencia-en-el-minuto-de-silencio-por-la-ultima-asesinada\\\/#breadcrumb\",\"itemListElement\":[{\"@type\":\"ListItem\",\"position\":1,\"name\":\"Home\",\"item\":\"https:\\\/\\\/sortzen.org\\\/\"},{\"@type\":\"ListItem\",\"position\":2,\"name\":\"Vox se separa de la pancarta contra la violencia machista en Val\u00e8ncia en el minuto de silencio por la \u00faltima asesinada\"}]},{\"@type\":\"WebSite\",\"@id\":\"https:\\\/\\\/sortzen.org\\\/#website\",\"url\":\"https:\\\/\\\/sortzen.org\\\/\",\"name\":\"Sortzen\",\"description\":\"Consultor\u00eda especializada en la prevenci\u00f3n y atenci\u00f3n de la violencia machista y los procesos de empoderamiento de las mujeres\",\"potentialAction\":[{\"@type\":\"SearchAction\",\"target\":{\"@type\":\"EntryPoint\",\"urlTemplate\":\"https:\\\/\\\/sortzen.org\\\/?s={search_term_string}\"},\"query-input\":{\"@type\":\"PropertyValueSpecification\",\"valueRequired\":true,\"valueName\":\"search_term_string\"}}],\"inLanguage\":\"eu\"},{\"@type\":\"Person\",\"@id\":\"https:\\\/\\\/sortzen.org\\\/#\\\/schema\\\/person\\\/ae19f6202f1109a3151f75b53b61d1a7\",\"name\":\"SortzenEditor\",\"url\":\"https:\\\/\\\/sortzen.org\\\/eu\\\/author\\\/sortzeneditor\\\/\"}]}<\/script>\n<!-- \/ Yoast SEO plugin. -->","yoast_head_json":{"title":"Vox se separa de la pancarta contra la violencia machista en Val\u00e8ncia en el minuto de silencio por la \u00faltima asesinada - Sortzen","robots":{"index":"index","follow":"follow","max-snippet":"max-snippet:-1","max-image-preview":"max-image-preview:large","max-video-preview":"max-video-preview:-1"},"canonical":"https:\/\/sortzen.org\/eu\/vox-se-separa-de-la-pancarta-contra-la-violencia-machista-en-valencia-en-el-minuto-de-silencio-por-la-ultima-asesinada\/","og_locale":"en_US","og_type":"article","og_title":"Vox se separa de la pancarta contra la violencia machista en Val\u00e8ncia en el minuto de silencio por la \u00faltima asesinada - Sortzen","og_description":"La portavoz adjunta del PSPV, Carmen Mart\u00ednez, ha criticado que se hayan situado fuera de la pancarta y tambi\u00e9n las manifestaciones \"cuestionando el minuto de silencio\" cuando hay mil mujeres asesinadas.","og_url":"https:\/\/sortzen.org\/eu\/vox-se-separa-de-la-pancarta-contra-la-violencia-machista-en-valencia-en-el-minuto-de-silencio-por-la-ultima-asesinada\/","og_site_name":"Sortzen","article_published_time":"2019-06-14T10:36:05+00:00","article_modified_time":"2019-06-14T10:36:22+00:00","og_image":[{"width":1330,"height":734,"url":"https:\/\/sortzen.org\/wp-content\/uploads\/2019\/06\/Captura-de-pantalla-2019-06-14-a-las-12.35.16.png","type":"image\/png"}],"author":"SortzenEditor","twitter_misc":{"Written by":"SortzenEditor","Est. reading time":"1 minutua"},"schema":{"@context":"https:\/\/schema.org","@graph":[{"@type":"Article","@id":"https:\/\/sortzen.org\/vox-se-separa-de-la-pancarta-contra-la-violencia-machista-en-valencia-en-el-minuto-de-silencio-por-la-ultima-asesinada\/#article","isPartOf":{"@id":"https:\/\/sortzen.org\/vox-se-separa-de-la-pancarta-contra-la-violencia-machista-en-valencia-en-el-minuto-de-silencio-por-la-ultima-asesinada\/"},"author":{"name":"SortzenEditor","@id":"https:\/\/sortzen.org\/#\/schema\/person\/ae19f6202f1109a3151f75b53b61d1a7"},"headline":"Vox se separa de la pancarta contra la violencia machista en Val\u00e8ncia en el minuto de silencio por la \u00faltima asesinada","datePublished":"2019-06-14T10:36:05+00:00","dateModified":"2019-06-14T10:36:22+00:00","mainEntityOfPage":{"@id":"https:\/\/sortzen.org\/vox-se-separa-de-la-pancarta-contra-la-violencia-machista-en-valencia-en-el-minuto-de-silencio-por-la-ultima-asesinada\/"},"wordCount":169,"image":{"@id":"https:\/\/sortzen.org\/vox-se-separa-de-la-pancarta-contra-la-violencia-machista-en-valencia-en-el-minuto-de-silencio-por-la-ultima-asesinada\/#primaryimage"},"thumbnailUrl":"https:\/\/sortzen.org\/wp-content\/uploads\/2019\/06\/Captura-de-pantalla-2019-06-14-a-las-12.35.16.png","articleSection":["Violencia machista"],"inLanguage":"eu"},{"@type":"WebPage","@id":"https:\/\/sortzen.org\/vox-se-separa-de-la-pancarta-contra-la-violencia-machista-en-valencia-en-el-minuto-de-silencio-por-la-ultima-asesinada\/","url":"https:\/\/sortzen.org\/vox-se-separa-de-la-pancarta-contra-la-violencia-machista-en-valencia-en-el-minuto-de-silencio-por-la-ultima-asesinada\/","name":"Vox se separa de la pancarta contra la violencia machista en Val\u00e8ncia en el minuto de silencio por la \u00faltima asesinada - Sortzen","isPartOf":{"@id":"https:\/\/sortzen.org\/#website"},"primaryImageOfPage":{"@id":"https:\/\/sortzen.org\/vox-se-separa-de-la-pancarta-contra-la-violencia-machista-en-valencia-en-el-minuto-de-silencio-por-la-ultima-asesinada\/#primaryimage"},"image":{"@id":"https:\/\/sortzen.org\/vox-se-separa-de-la-pancarta-contra-la-violencia-machista-en-valencia-en-el-minuto-de-silencio-por-la-ultima-asesinada\/#primaryimage"},"thumbnailUrl":"https:\/\/sortzen.org\/wp-content\/uploads\/2019\/06\/Captura-de-pantalla-2019-06-14-a-las-12.35.16.png","datePublished":"2019-06-14T10:36:05+00:00","dateModified":"2019-06-14T10:36:22+00:00","author":{"@id":"https:\/\/sortzen.org\/#\/schema\/person\/ae19f6202f1109a3151f75b53b61d1a7"},"breadcrumb":{"@id":"https:\/\/sortzen.org\/vox-se-separa-de-la-pancarta-contra-la-violencia-machista-en-valencia-en-el-minuto-de-silencio-por-la-ultima-asesinada\/#breadcrumb"},"inLanguage":"eu","potentialAction":[{"@type":"ReadAction","target":["https:\/\/sortzen.org\/vox-se-separa-de-la-pancarta-contra-la-violencia-machista-en-valencia-en-el-minuto-de-silencio-por-la-ultima-asesinada\/"]}]},{"@type":"ImageObject","inLanguage":"eu","@id":"https:\/\/sortzen.org\/vox-se-separa-de-la-pancarta-contra-la-violencia-machista-en-valencia-en-el-minuto-de-silencio-por-la-ultima-asesinada\/#primaryimage","url":"https:\/\/sortzen.org\/wp-content\/uploads\/2019\/06\/Captura-de-pantalla-2019-06-14-a-las-12.35.16.png","contentUrl":"https:\/\/sortzen.org\/wp-content\/uploads\/2019\/06\/Captura-de-pantalla-2019-06-14-a-las-12.35.16.png","width":1330,"height":734},{"@type":"BreadcrumbList","@id":"https:\/\/sortzen.org\/vox-se-separa-de-la-pancarta-contra-la-violencia-machista-en-valencia-en-el-minuto-de-silencio-por-la-ultima-asesinada\/#breadcrumb","itemListElement":[{"@type":"ListItem","position":1,"name":"Home","item":"https:\/\/sortzen.org\/"},{"@type":"ListItem","position":2,"name":"Vox se separa de la pancarta contra la violencia machista en Val\u00e8ncia en el minuto de silencio por la \u00faltima asesinada"}]},{"@type":"WebSite","@id":"https:\/\/sortzen.org\/#website","url":"https:\/\/sortzen.org\/","name":"Sortzen","description":"Consultor\u00eda especializada en la prevenci\u00f3n y atenci\u00f3n de la violencia machista y los procesos de empoderamiento de las mujeres","potentialAction":[{"@type":"SearchAction","target":{"@type":"EntryPoint","urlTemplate":"https:\/\/sortzen.org\/?s={search_term_string}"},"query-input":{"@type":"PropertyValueSpecification","valueRequired":true,"valueName":"search_term_string"}}],"inLanguage":"eu"},{"@type":"Person","@id":"https:\/\/sortzen.org\/#\/schema\/person\/ae19f6202f1109a3151f75b53b61d1a7","name":"SortzenEditor","url":"https:\/\/sortzen.org\/eu\/author\/sortzeneditor\/"}]}},"jetpack_featured_media_url":"https:\/\/sortzen.org\/wp-content\/uploads\/2019\/06\/Captura-de-pantalla-2019-06-14-a-las-12.35.16.png","_links":{"self":[{"href":"https:\/\/sortzen.org\/eu\/wp-json\/wp\/v2\/posts\/2384","targetHints":{"allow":["GET"]}}],"collection":[{"href":"https:\/\/sortzen.org\/eu\/wp-json\/wp\/v2\/posts"}],"about":[{"href":"https:\/\/sortzen.org\/eu\/wp-json\/wp\/v2\/types\/post"}],"author":[{"embeddable":true,"href":"https:\/\/sortzen.org\/eu\/wp-json\/wp\/v2\/users\/4"}],"replies":[{"embeddable":true,"href":"https:\/\/sortzen.org\/eu\/wp-json\/wp\/v2\/comments?post=2384"}],"version-history":[{"count":1,"href":"https:\/\/sortzen.org\/eu\/wp-json\/wp\/v2\/posts\/2384\/revisions"}],"predecessor-version":[{"id":2386,"href":"https:\/\/sortzen.org\/eu\/wp-json\/wp\/v2\/posts\/2384\/revisions\/2386"}],"wp:featuredmedia":[{"embeddable":true,"href":"https:\/\/sortzen.org\/eu\/wp-json\/wp\/v2\/media\/2385"}],"wp:attachment":[{"href":"https:\/\/sortzen.org\/eu\/wp-json\/wp\/v2\/media?parent=2384"}],"wp:term":[{"taxonomy":"category","embeddable":true,"href":"https:\/\/sortzen.org\/eu\/wp-json\/wp\/v2\/categories?post=2384"},{"taxonomy":"post_tag","embeddable":true,"href":"https:\/\/sortzen.org\/eu\/wp-json\/wp\/v2\/tags?post=2384"}],"curies":[{"name":"wp","href":"https:\/\/api.w.org\/{rel}","templated":true}]}}