{"id":2396,"date":"2020-03-31T08:46:04","date_gmt":"2020-03-31T07:46:04","guid":{"rendered":"https:\/\/sortzen.org\/?p=2396"},"modified":"2020-03-31T08:55:39","modified_gmt":"2020-03-31T07:55:39","slug":"erresistentziakutxa-trabajadoras-del-hogar","status":"publish","type":"post","link":"https:\/\/sortzen.org\/eu\/erresistentziakutxa-trabajadoras-del-hogar\/","title":{"rendered":"#ErresistentziaKutxa \u2013 Etxeko langileak"},"content":{"rendered":"<p>S\u00ed, la crisis del Covid-19 nos enfrenta a un escenario incierto e imprevisible, pero algunas encontramos ingredientes a\u00f1adidos de incertidumbre y desprotecci\u00f3n. Por eso, y coincidiendo con el D\u00eda Internacional de las Trabajadoras del Hogar, lanzamos esta campa\u00f1a de micromecenazgo a modo de caja de resistencia para ayudar a las compa\u00f1eras m\u00e1s afectadas por esta situaci\u00f3n.<\/p>\n<p>Para saber m\u00e1s y donar m\u00e1s visita la p\u00e1gina donde se realiza el micromecenazgo en <a href=\"https:\/\/www.gofundme.com\/f\/yo-no-las-dejo-solas\">GoFundMe,<\/a><\/p>\n<p>Bai, Covid-19ko krisiak ustekabeko eta zalantzazko eszenatoki baten aurrean jarri gaitu, baina batzuentzako ziurgabetasuna eta babesgabetasuna izango dira osagai gehigarriak. Horregatik, eta Etxeko Langileen Nazioarteko Eguna izanik, kanpaina hau abian jarri dugu gure kide prekarioenak laguntzeko erresistentzia kutxa bat osatzeko xedearekin.<\/p>\n<p>Gehiago jakiteko eta gehiago emateko, bisita ezazu mikromekenasgoa egiten den orria <a href=\"https:\/\/www.gofundme.com\/f\/yo-no-las-dejo-solas\">GoFundMe,<\/a><\/p>","protected":false},"excerpt":{"rendered":"<p>Gutxieneko 13.000 euroko helburuari esker, 200 euroko bonua emango diegu koronabirusaren krisiaren ondorioz diru-iturririk gabe geratu diren 65 etxeko eta migratutako zaintzako langileri.<\/p>","protected":false},"author":4,"featured_media":2397,"comment_status":"closed","ping_status":"closed","sticky":false,"template":"","format":"standard","meta":{"footnotes":""},"categories":[48],"tags":[],"class_list":["post-2396","post","type-post","status-publish","format-standard","has-post-thumbnail","hentry","category-trabajadoras-del-hogar"],"yoast_head":"<!-- This site is optimized with the Yoast SEO plugin v27.5 - https:\/\/yoast.com\/product\/yoast-seo-wordpress\/ -->\n<title>#ErresistentziaKutxa - Trabajadoras del hogar - Sortzen<\/title>\n<meta name=\"robots\" content=\"index, follow, max-snippet:-1, max-image-preview:large, max-video-preview:-1\" \/>\n<link rel=\"canonical\" href=\"https:\/\/sortzen.org\/eu\/erresistentziakutxa-trabajadoras-del-hogar\/\" \/>\n<meta property=\"og:locale\" content=\"en_US\" \/>\n<meta property=\"og:type\" content=\"article\" \/>\n<meta property=\"og:title\" content=\"#ErresistentziaKutxa - Trabajadoras del hogar - Sortzen\" \/>\n<meta property=\"og:description\" content=\"El objetivo m\u00ednimo de 13.000 euros nos permitir\u00e1 aportar un bono de 200 euros a 65 trabajadoras del hogar y de cuidados migradas que se han quedado sin fuente de ingresos debido a la crisis del coronavirus.\" \/>\n<meta property=\"og:url\" content=\"https:\/\/sortzen.org\/eu\/erresistentziakutxa-trabajadoras-del-hogar\/\" \/>\n<meta property=\"og:site_name\" content=\"Sortzen\" \/>\n<meta property=\"article:published_time\" content=\"2020-03-31T07:46:04+00:00\" \/>\n<meta property=\"article:modified_time\" content=\"2020-03-31T07:55:39+00:00\" \/>\n<meta property=\"og:image\" content=\"https:\/\/sortzen.org\/wp-content\/uploads\/2020\/03\/Captura-de-pantalla-2020-03-31-a-las-9.29.46.png\" \/>\n\t<meta property=\"og:image:width\" content=\"1234\" \/>\n\t<meta property=\"og:image:height\" content=\"570\" \/>\n\t<meta property=\"og:image:type\" content=\"image\/png\" \/>\n<meta name=\"author\" content=\"SortzenEditor\" \/>\n<meta name=\"twitter:label1\" content=\"Written by\" \/>\n\t<meta name=\"twitter:data1\" content=\"SortzenEditor\" \/>\n\t<meta name=\"twitter:label2\" content=\"Est. reading time\" \/>\n\t<meta name=\"twitter:data2\" content=\"1 minutua\" \/>\n<script type=\"application\/ld+json\" class=\"yoast-schema-graph\">{\"@context\":\"https:\\\/\\\/schema.org\",\"@graph\":[{\"@type\":\"Article\",\"@id\":\"https:\\\/\\\/sortzen.org\\\/erresistentziakutxa-trabajadoras-del-hogar\\\/#article\",\"isPartOf\":{\"@id\":\"https:\\\/\\\/sortzen.org\\\/erresistentziakutxa-trabajadoras-del-hogar\\\/\"},\"author\":{\"name\":\"SortzenEditor\",\"@id\":\"https:\\\/\\\/sortzen.org\\\/#\\\/schema\\\/person\\\/ae19f6202f1109a3151f75b53b61d1a7\"},\"headline\":\"#ErresistentziaKutxa &#8211; Trabajadoras del hogar\",\"datePublished\":\"2020-03-31T07:46:04+00:00\",\"dateModified\":\"2020-03-31T07:55:39+00:00\",\"mainEntityOfPage\":{\"@id\":\"https:\\\/\\\/sortzen.org\\\/erresistentziakutxa-trabajadoras-del-hogar\\\/\"},\"wordCount\":141,\"image\":{\"@id\":\"https:\\\/\\\/sortzen.org\\\/erresistentziakutxa-trabajadoras-del-hogar\\\/#primaryimage\"},\"thumbnailUrl\":\"https:\\\/\\\/sortzen.org\\\/wp-content\\\/uploads\\\/2020\\\/03\\\/Captura-de-pantalla-2020-03-31-a-las-9.29.46.png\",\"articleSection\":[\"Trabajadoras del Hogar\"],\"inLanguage\":\"eu\"},{\"@type\":\"WebPage\",\"@id\":\"https:\\\/\\\/sortzen.org\\\/erresistentziakutxa-trabajadoras-del-hogar\\\/\",\"url\":\"https:\\\/\\\/sortzen.org\\\/erresistentziakutxa-trabajadoras-del-hogar\\\/\",\"name\":\"#ErresistentziaKutxa - Trabajadoras del hogar - Sortzen\",\"isPartOf\":{\"@id\":\"https:\\\/\\\/sortzen.org\\\/#website\"},\"primaryImageOfPage\":{\"@id\":\"https:\\\/\\\/sortzen.org\\\/erresistentziakutxa-trabajadoras-del-hogar\\\/#primaryimage\"},\"image\":{\"@id\":\"https:\\\/\\\/sortzen.org\\\/erresistentziakutxa-trabajadoras-del-hogar\\\/#primaryimage\"},\"thumbnailUrl\":\"https:\\\/\\\/sortzen.org\\\/wp-content\\\/uploads\\\/2020\\\/03\\\/Captura-de-pantalla-2020-03-31-a-las-9.29.46.png\",\"datePublished\":\"2020-03-31T07:46:04+00:00\",\"dateModified\":\"2020-03-31T07:55:39+00:00\",\"author\":{\"@id\":\"https:\\\/\\\/sortzen.org\\\/#\\\/schema\\\/person\\\/ae19f6202f1109a3151f75b53b61d1a7\"},\"breadcrumb\":{\"@id\":\"https:\\\/\\\/sortzen.org\\\/erresistentziakutxa-trabajadoras-del-hogar\\\/#breadcrumb\"},\"inLanguage\":\"eu\",\"potentialAction\":[{\"@type\":\"ReadAction\",\"target\":[\"https:\\\/\\\/sortzen.org\\\/erresistentziakutxa-trabajadoras-del-hogar\\\/\"]}]},{\"@type\":\"ImageObject\",\"inLanguage\":\"eu\",\"@id\":\"https:\\\/\\\/sortzen.org\\\/erresistentziakutxa-trabajadoras-del-hogar\\\/#primaryimage\",\"url\":\"https:\\\/\\\/sortzen.org\\\/wp-content\\\/uploads\\\/2020\\\/03\\\/Captura-de-pantalla-2020-03-31-a-las-9.29.46.png\",\"contentUrl\":\"https:\\\/\\\/sortzen.org\\\/wp-content\\\/uploads\\\/2020\\\/03\\\/Captura-de-pantalla-2020-03-31-a-las-9.29.46.png\",\"width\":1234,\"height\":570},{\"@type\":\"BreadcrumbList\",\"@id\":\"https:\\\/\\\/sortzen.org\\\/erresistentziakutxa-trabajadoras-del-hogar\\\/#breadcrumb\",\"itemListElement\":[{\"@type\":\"ListItem\",\"position\":1,\"name\":\"Home\",\"item\":\"https:\\\/\\\/sortzen.org\\\/\"},{\"@type\":\"ListItem\",\"position\":2,\"name\":\"#ErresistentziaKutxa &#8211; Trabajadoras del hogar\"}]},{\"@type\":\"WebSite\",\"@id\":\"https:\\\/\\\/sortzen.org\\\/#website\",\"url\":\"https:\\\/\\\/sortzen.org\\\/\",\"name\":\"Sortzen\",\"description\":\"Consultor\u00eda especializada en la prevenci\u00f3n y atenci\u00f3n de la violencia machista y los procesos de empoderamiento de las mujeres\",\"potentialAction\":[{\"@type\":\"SearchAction\",\"target\":{\"@type\":\"EntryPoint\",\"urlTemplate\":\"https:\\\/\\\/sortzen.org\\\/?s={search_term_string}\"},\"query-input\":{\"@type\":\"PropertyValueSpecification\",\"valueRequired\":true,\"valueName\":\"search_term_string\"}}],\"inLanguage\":\"eu\"},{\"@type\":\"Person\",\"@id\":\"https:\\\/\\\/sortzen.org\\\/#\\\/schema\\\/person\\\/ae19f6202f1109a3151f75b53b61d1a7\",\"name\":\"SortzenEditor\",\"url\":\"https:\\\/\\\/sortzen.org\\\/eu\\\/author\\\/sortzeneditor\\\/\"}]}<\/script>\n<!-- \/ Yoast SEO plugin. -->","yoast_head_json":{"title":"#ErresistentziaKutxa - Trabajadoras del hogar - Sortzen","robots":{"index":"index","follow":"follow","max-snippet":"max-snippet:-1","max-image-preview":"max-image-preview:large","max-video-preview":"max-video-preview:-1"},"canonical":"https:\/\/sortzen.org\/eu\/erresistentziakutxa-trabajadoras-del-hogar\/","og_locale":"en_US","og_type":"article","og_title":"#ErresistentziaKutxa - Trabajadoras del hogar - Sortzen","og_description":"El objetivo m\u00ednimo de 13.000 euros nos permitir\u00e1 aportar un bono de 200 euros a 65 trabajadoras del hogar y de cuidados migradas que se han quedado sin fuente de ingresos debido a la crisis del coronavirus.","og_url":"https:\/\/sortzen.org\/eu\/erresistentziakutxa-trabajadoras-del-hogar\/","og_site_name":"Sortzen","article_published_time":"2020-03-31T07:46:04+00:00","article_modified_time":"2020-03-31T07:55:39+00:00","og_image":[{"width":1234,"height":570,"url":"https:\/\/sortzen.org\/wp-content\/uploads\/2020\/03\/Captura-de-pantalla-2020-03-31-a-las-9.29.46.png","type":"image\/png"}],"author":"SortzenEditor","twitter_misc":{"Written by":"SortzenEditor","Est. reading time":"1 minutua"},"schema":{"@context":"https:\/\/schema.org","@graph":[{"@type":"Article","@id":"https:\/\/sortzen.org\/erresistentziakutxa-trabajadoras-del-hogar\/#article","isPartOf":{"@id":"https:\/\/sortzen.org\/erresistentziakutxa-trabajadoras-del-hogar\/"},"author":{"name":"SortzenEditor","@id":"https:\/\/sortzen.org\/#\/schema\/person\/ae19f6202f1109a3151f75b53b61d1a7"},"headline":"#ErresistentziaKutxa &#8211; Trabajadoras del hogar","datePublished":"2020-03-31T07:46:04+00:00","dateModified":"2020-03-31T07:55:39+00:00","mainEntityOfPage":{"@id":"https:\/\/sortzen.org\/erresistentziakutxa-trabajadoras-del-hogar\/"},"wordCount":141,"image":{"@id":"https:\/\/sortzen.org\/erresistentziakutxa-trabajadoras-del-hogar\/#primaryimage"},"thumbnailUrl":"https:\/\/sortzen.org\/wp-content\/uploads\/2020\/03\/Captura-de-pantalla-2020-03-31-a-las-9.29.46.png","articleSection":["Trabajadoras del Hogar"],"inLanguage":"eu"},{"@type":"WebPage","@id":"https:\/\/sortzen.org\/erresistentziakutxa-trabajadoras-del-hogar\/","url":"https:\/\/sortzen.org\/erresistentziakutxa-trabajadoras-del-hogar\/","name":"#ErresistentziaKutxa - Trabajadoras del hogar - Sortzen","isPartOf":{"@id":"https:\/\/sortzen.org\/#website"},"primaryImageOfPage":{"@id":"https:\/\/sortzen.org\/erresistentziakutxa-trabajadoras-del-hogar\/#primaryimage"},"image":{"@id":"https:\/\/sortzen.org\/erresistentziakutxa-trabajadoras-del-hogar\/#primaryimage"},"thumbnailUrl":"https:\/\/sortzen.org\/wp-content\/uploads\/2020\/03\/Captura-de-pantalla-2020-03-31-a-las-9.29.46.png","datePublished":"2020-03-31T07:46:04+00:00","dateModified":"2020-03-31T07:55:39+00:00","author":{"@id":"https:\/\/sortzen.org\/#\/schema\/person\/ae19f6202f1109a3151f75b53b61d1a7"},"breadcrumb":{"@id":"https:\/\/sortzen.org\/erresistentziakutxa-trabajadoras-del-hogar\/#breadcrumb"},"inLanguage":"eu","potentialAction":[{"@type":"ReadAction","target":["https:\/\/sortzen.org\/erresistentziakutxa-trabajadoras-del-hogar\/"]}]},{"@type":"ImageObject","inLanguage":"eu","@id":"https:\/\/sortzen.org\/erresistentziakutxa-trabajadoras-del-hogar\/#primaryimage","url":"https:\/\/sortzen.org\/wp-content\/uploads\/2020\/03\/Captura-de-pantalla-2020-03-31-a-las-9.29.46.png","contentUrl":"https:\/\/sortzen.org\/wp-content\/uploads\/2020\/03\/Captura-de-pantalla-2020-03-31-a-las-9.29.46.png","width":1234,"height":570},{"@type":"BreadcrumbList","@id":"https:\/\/sortzen.org\/erresistentziakutxa-trabajadoras-del-hogar\/#breadcrumb","itemListElement":[{"@type":"ListItem","position":1,"name":"Home","item":"https:\/\/sortzen.org\/"},{"@type":"ListItem","position":2,"name":"#ErresistentziaKutxa &#8211; Trabajadoras del hogar"}]},{"@type":"WebSite","@id":"https:\/\/sortzen.org\/#website","url":"https:\/\/sortzen.org\/","name":"Sortzen","description":"Consultor\u00eda especializada en la prevenci\u00f3n y atenci\u00f3n de la violencia machista y los procesos de empoderamiento de las mujeres","potentialAction":[{"@type":"SearchAction","target":{"@type":"EntryPoint","urlTemplate":"https:\/\/sortzen.org\/?s={search_term_string}"},"query-input":{"@type":"PropertyValueSpecification","valueRequired":true,"valueName":"search_term_string"}}],"inLanguage":"eu"},{"@type":"Person","@id":"https:\/\/sortzen.org\/#\/schema\/person\/ae19f6202f1109a3151f75b53b61d1a7","name":"SortzenEditor","url":"https:\/\/sortzen.org\/eu\/author\/sortzeneditor\/"}]}},"jetpack_featured_media_url":"https:\/\/sortzen.org\/wp-content\/uploads\/2020\/03\/Captura-de-pantalla-2020-03-31-a-las-9.29.46.png","_links":{"self":[{"href":"https:\/\/sortzen.org\/eu\/wp-json\/wp\/v2\/posts\/2396","targetHints":{"allow":["GET"]}}],"collection":[{"href":"https:\/\/sortzen.org\/eu\/wp-json\/wp\/v2\/posts"}],"about":[{"href":"https:\/\/sortzen.org\/eu\/wp-json\/wp\/v2\/types\/post"}],"author":[{"embeddable":true,"href":"https:\/\/sortzen.org\/eu\/wp-json\/wp\/v2\/users\/4"}],"replies":[{"embeddable":true,"href":"https:\/\/sortzen.org\/eu\/wp-json\/wp\/v2\/comments?post=2396"}],"version-history":[{"count":4,"href":"https:\/\/sortzen.org\/eu\/wp-json\/wp\/v2\/posts\/2396\/revisions"}],"predecessor-version":[{"id":2401,"href":"https:\/\/sortzen.org\/eu\/wp-json\/wp\/v2\/posts\/2396\/revisions\/2401"}],"wp:featuredmedia":[{"embeddable":true,"href":"https:\/\/sortzen.org\/eu\/wp-json\/wp\/v2\/media\/2397"}],"wp:attachment":[{"href":"https:\/\/sortzen.org\/eu\/wp-json\/wp\/v2\/media?parent=2396"}],"wp:term":[{"taxonomy":"category","embeddable":true,"href":"https:\/\/sortzen.org\/eu\/wp-json\/wp\/v2\/categories?post=2396"},{"taxonomy":"post_tag","embeddable":true,"href":"https:\/\/sortzen.org\/eu\/wp-json\/wp\/v2\/tags?post=2396"}],"curies":[{"name":"wp","href":"https:\/\/api.w.org\/{rel}","templated":true}]}}